{"id":212912,"date":"2024-10-01T12:05:35","date_gmt":"2024-10-01T10:05:35","guid":{"rendered":"https:\/\/www.messinaoggi.it\/website\/2024\/10\/01\/libano-meloni-urgente-una-de-escalation-a-livello-regionale\/"},"modified":"2024-10-01T12:05:35","modified_gmt":"2024-10-01T10:05:35","slug":"libano-meloni-urgente-una-de-escalation-a-livello-regionale","status":"publish","type":"post","link":"https:\/\/www.messinaoggi.it\/website\/2024\/10\/01\/libano-meloni-urgente-una-de-escalation-a-livello-regionale\/","title":{"rendered":"Libano, Meloni \u201cUrgente una de-escalation a livello regionale\u201d"},"content":{"rendered":"<div>ROMA (ITALPRESS) &#8211; &#8220;Sto seguendo da vicino la drammatica situazione in Libano in contatto costante con i Ministri della Difesa e degli Esteri. La protezione dei civili resta la priorit\u00e0 cos\u00ec come garantire la sicurezza dei militari del contingente italiano di UNIFIL presenti nel sud del Libano. L&#8217;Italia continuer\u00e0 a lavorare con i suoi alleati per la stabilizzazione del confine tra Israele e Libano e il ritorno degli sfollati alle proprie case. Una de-escalation a livello regionale \u00e8 urgente e necessaria e l&#8217;Italia continuer\u00e0 a fare la sua parte anche in qualit\u00e0 di Presidente del G7&#8221;. Lo dichiara il Presidente del Consiglio Giorgia Meloni.<div id=\"div-gpt-ad-Messinaoggi.it-DSK-300x250-corpoart\" style=\"text-align:center;margin:0 auto;\"><\/div><\/p>\n<p>foto: Agenzia Fotogramma<div id=\"videoincontent\" style=\"clear:both\";><\/div><\/p>\n<p>(ITALPRESS).<\/p><\/div>\n","protected":false},"excerpt":{"rendered":"<p>ROMA (ITALPRESS) &#8211; &#8220;Sto seguendo da vicino la drammatica situazione in Libano in contatto costante con i Ministri della Difesa e degli Esteri. La protezione dei civili resta la priorit\u00e0 cos\u00ec come garantire la sicurezza dei militari del contingente italiano di UNIFIL presenti nel sud del Libano. L&#8217;Italia continuer\u00e0 a lavorare con i suoi alleati [&hellip;]<\/p>\n","protected":false},"author":18,"featured_media":212913,"comment_status":"closed","ping_status":"closed","sticky":false,"template":"","format":"standard","meta":{"ub_ctt_via":"","_mi_skip_tracking":false},"categories":[446],"tags":[783],"featured_image_src":"https:\/\/www.messinaoggi.it\/website\/wp-content\/uploads\/2024\/10\/20241001_0097.jpg","author_info":{"display_name":"Admin","author_link":"https:\/\/www.messinaoggi.it\/website\/author\/admin\/"},"digistream_id":0,"digistream":false,"_links":{"self":[{"href":"https:\/\/www.messinaoggi.it\/website\/wp-json\/wp\/v2\/posts\/212912"}],"collection":[{"href":"https:\/\/www.messinaoggi.it\/website\/wp-json\/wp\/v2\/posts"}],"about":[{"href":"https:\/\/www.messinaoggi.it\/website\/wp-json\/wp\/v2\/types\/post"}],"author":[{"embeddable":true,"href":"https:\/\/www.messinaoggi.it\/website\/wp-json\/wp\/v2\/users\/18"}],"replies":[{"embeddable":true,"href":"https:\/\/www.messinaoggi.it\/website\/wp-json\/wp\/v2\/comments?post=212912"}],"version-history":[{"count":0,"href":"https:\/\/www.messinaoggi.it\/website\/wp-json\/wp\/v2\/posts\/212912\/revisions"}],"wp:featuredmedia":[{"embeddable":true,"href":"https:\/\/www.messinaoggi.it\/website\/wp-json\/wp\/v2\/media\/212913"}],"wp:attachment":[{"href":"https:\/\/www.messinaoggi.it\/website\/wp-json\/wp\/v2\/media?parent=212912"}],"wp:term":[{"taxonomy":"category","embeddable":true,"href":"https:\/\/www.messinaoggi.it\/website\/wp-json\/wp\/v2\/categories?post=212912"},{"taxonomy":"post_tag","embeddable":true,"href":"https:\/\/www.messinaoggi.it\/website\/wp-json\/wp\/v2\/tags?post=212912"}],"curies":[{"name":"wp","href":"https:\/\/api.w.org\/{rel}","templated":true}]}}