{"id":21290,"date":"2018-06-29T12:00:25","date_gmt":"2018-06-29T10:00:25","guid":{"rendered":"http:\/\/www.messinaoggi.it\/website\/?p=21290"},"modified":"2018-06-29T12:00:25","modified_gmt":"2018-06-29T10:00:25","slug":"de-luca-proclamato-sindaco-metropolitano-qui-per-colmare-un-vuoto-creato-dagli-spot-di-crocetta","status":"publish","type":"post","link":"https:\/\/www.messinaoggi.it\/website\/2018\/06\/29\/de-luca-proclamato-sindaco-metropolitano-qui-per-colmare-un-vuoto-creato-dagli-spot-di-crocetta\/","title":{"rendered":"De Luca proclamato sindaco metropolitano: &quot;Qui per colmare un vuoto creato dagli spot di Crocetta&quot;"},"content":{"rendered":"<p>Adesso Cateno De Luca \u00e8 nel pieno delle delle sue mansioni. Alle 10,20 di oggi \u00e8 arrivata la proclamazione come sindaco della Citt\u00e0 Metropolitana e presidente della conferenza metropolitana. Gi\u00e0 all&#8217;indomani della sua proclamazione come sindaco, lo stesso De Luca ha visitato Palazzo dei Leoni, promettendo un&#8217;inversione di rotta rispetto al passato.<br \/>\nDe Luca si gode il momento, non nascondendo la propria soddisfazione per questo incarico, condivisa con gli esponenti dei comuni della Provincia che hanno assistito alla cerimonia: &#8220;Tra i miei sogni c&#8217;era quello di diventare presidente della Provincia &#8211; ha dichiarato De Luca &#8211; poi purtroppo non si \u00e8 mai aperta definitivamente questa possibilit\u00e0&#8221;.<br \/>\n<div id=\"attachment_21298\" style=\"width: 310px\" class=\"wp-caption alignnone\"><img aria-describedby=\"caption-attachment-21298\" loading=\"lazy\" class=\"size-medium wp-image-21298\" src=\"http:\/\/www.messinaoggi.it\/website\/wp-content\/uploads\/2018\/06\/IMG_20180629_103958-300x225.jpg\" alt=\"\" width=\"300\" height=\"225\" \/><p id=\"caption-attachment-21298\" class=\"wp-caption-text\">Gli esponenti dei Comuni della provincia oggi presenti alla cerimonia<\/p><\/div><br \/>\nImmancabile la stoccata all&#8217;ex Governatore, Rosario Crocetta, autore della tanto discussa riforma che ha portato alla nascita delle citt\u00e0 metropolitane: &#8220;E stata sventolata la la bandiera della rivoluzione solo a fini propagandistici, parlando di tagli ma in realt\u00e0 si \u00e8 solo creato un vuoto istituzionale a cui tocchera porre rimedio. Un&#8217;azione politica scellerata che ha enestetizzato un ente molto importante, che gestisce una vasta porzione di territorio e che rappresentava un punto di riferimento per 108 Comuni&#8221;.<br \/>\nTra il 7 e l&#8217;8 luglio dovrebbe arrivare la sentenza della Corte Costituzionale che poreepot riaprire le porte agli organi rappresentaticu di Palazzo dei Leoni, che potrebbero essere rieletti direttamente. De Luca lancia un preciso appello alla politica: &#8220;Se\u00a0 l&#8217;eventuale elezione di primo grado degli organi rappresentativi \u00e8 un fatto secondario, nelle segrete stanze si parla solo di candidature e spartizione dei ruoli, non pu\u00f3 essere questa la prospettiva. Ci sono dei territori che aspettano risposte, amministratori locali che come me in passato hanno portato avanti una rivoluzione, quella di non barricarsi dentro le stanze dei bottoni. Adesso questo Governo regionale pu\u00f2 fare la vera rivoluzione, apportare quel decentramento che libererebbe i territori dal centralismo palermitano&#8221;.<br \/>\nOggi ci sara un nuovo incontro per il Masterplan: &#8220;Daremo un&#8217;accelerata, non possiamo piu permetterci di perdere altro tempo&#8221;.<div id=\"div-gpt-ad-Messinaoggi.it-DSK-300x250-corpoart\" style=\"text-align:center;margin:0 auto;\"><\/div><\/p>\n<div id=\"videoincontent\" style=\"clear:both\";><\/div>","protected":false},"excerpt":{"rendered":"<p>Adesso Cateno De Luca \u00e8 nel pieno delle delle sue mansioni. Alle 10,20 di oggi \u00e8 arrivata la proclamazione come sindaco della Citt\u00e0 Metropolitana e presidente della conferenza metropolitana. Gi\u00e0 all&#8217;indomani della sua proclamazione come sindaco, lo stesso De Luca ha visitato Palazzo dei Leoni, promettendo un&#8217;inversione di rotta rispetto al passato. De Luca si [&hellip;]<\/p>\n","protected":false},"author":14,"featured_media":21297,"comment_status":"closed","ping_status":"open","sticky":false,"template":"","format":"standard","meta":{"ub_ctt_via":"","_mi_skip_tracking":false},"categories":[6],"tags":[],"featured_image_src":"https:\/\/www.messinaoggi.it\/website\/wp-content\/uploads\/2018\/06\/IMG_20180629_101800-1.jpg","author_info":{"display_name":"Antonio Macauda","author_link":"https:\/\/www.messinaoggi.it\/website\/author\/a-macauda\/"},"digistream_id":0,"digistream":false,"_links":{"self":[{"href":"https:\/\/www.messinaoggi.it\/website\/wp-json\/wp\/v2\/posts\/21290"}],"collection":[{"href":"https:\/\/www.messinaoggi.it\/website\/wp-json\/wp\/v2\/posts"}],"about":[{"href":"https:\/\/www.messinaoggi.it\/website\/wp-json\/wp\/v2\/types\/post"}],"author":[{"embeddable":true,"href":"https:\/\/www.messinaoggi.it\/website\/wp-json\/wp\/v2\/users\/14"}],"replies":[{"embeddable":true,"href":"https:\/\/www.messinaoggi.it\/website\/wp-json\/wp\/v2\/comments?post=21290"}],"version-history":[{"count":0,"href":"https:\/\/www.messinaoggi.it\/website\/wp-json\/wp\/v2\/posts\/21290\/revisions"}],"wp:featuredmedia":[{"embeddable":true,"href":"https:\/\/www.messinaoggi.it\/website\/wp-json\/wp\/v2\/media\/21297"}],"wp:attachment":[{"href":"https:\/\/www.messinaoggi.it\/website\/wp-json\/wp\/v2\/media?parent=21290"}],"wp:term":[{"taxonomy":"category","embeddable":true,"href":"https:\/\/www.messinaoggi.it\/website\/wp-json\/wp\/v2\/categories?post=21290"},{"taxonomy":"post_tag","embeddable":true,"href":"https:\/\/www.messinaoggi.it\/website\/wp-json\/wp\/v2\/tags?post=21290"}],"curies":[{"name":"wp","href":"https:\/\/api.w.org\/{rel}","templated":true}]}}