{"id":212896,"date":"2024-10-01T02:05:31","date_gmt":"2024-10-01T00:05:31","guid":{"rendered":"https:\/\/www.messinaoggi.it\/website\/2024\/10\/01\/tajani-combattimenti-in-corso-gli-italiani-lascino-il-libano\/"},"modified":"2024-10-01T02:05:31","modified_gmt":"2024-10-01T00:05:31","slug":"tajani-combattimenti-in-corso-gli-italiani-lascino-il-libano","status":"publish","type":"post","link":"https:\/\/www.messinaoggi.it\/website\/2024\/10\/01\/tajani-combattimenti-in-corso-gli-italiani-lascino-il-libano\/","title":{"rendered":"Tajani \u201cCombattimenti in corso, gli italiani lascino il Libano\u201d"},"content":{"rendered":"<div>ROMA (ITALPRESS) &#8211; &#8220;Noi invitiamo tutti i cittadini italiani a lasciare il Libano usando i voli commerciali, ci sono voli da Beirut per Milano e per Roma: \u00e8 bene abbandonare il Paese, la situazione \u00e8 veramente complicata, ci sono combattimenti in corso e quindi per la massima garanzia \u00e8 bene che gli italiani se ne vadano. Ci sono parti del Paese in sicurezza, bisogna valutare le singole realt\u00e0: coloro che sono al Sud e a Beirut sono a rischio, \u00e8 bene che vadano via. Da qualche settimana abbiamo rinforzato la presenza dei carabinieri paracadutisti del Tuscania per garantire la nostra ambasciata&#8221;. Lo ha detto il vicepremier e ministro degli Esteri, Antonio Tajani, in collegamento telefonico con Tg2 Post.<br \/>\n&#8220;Le notizie che arrivano dalla nostra Ambasciata a Tel Aviv ci dicono che i tentativi di penetrazione che sono stati fatti servano a testare la resistenza di Hezbollah e a bloccare alcune iniziative che potrebbero essere fatte dai gruppi terroristi legati all&#8217;Iran. C&#8217;\u00e8 una fase di attesa &#8211; ha aggiunto Tajani -.<br \/>\nNoi continuiamo a seguire tutta la popolazione civile, stiamo seguendo minuto per minuto anche la situazione al confine dove ci sono i nostri militari, che sono in sicurezza&#8221;.<div id=\"div-gpt-ad-Messinaoggi.it-DSK-300x250-corpoart\" style=\"text-align:center;margin:0 auto;\"><\/div><\/p>\n<p>&#8211; foto: Agenzia Fotogramma &#8211;<br \/>\n(ITALPRESS).<div id=\"videoincontent\" style=\"clear:both\";><\/div><\/p><\/div>\n","protected":false},"excerpt":{"rendered":"<p>ROMA (ITALPRESS) &#8211; &#8220;Noi invitiamo tutti i cittadini italiani a lasciare il Libano usando i voli commerciali, ci sono voli da Beirut per Milano e per Roma: \u00e8 bene abbandonare il Paese, la situazione \u00e8 veramente complicata, ci sono combattimenti in corso e quindi per la massima garanzia \u00e8 bene che gli italiani se ne [&hellip;]<\/p>\n","protected":false},"author":18,"featured_media":212897,"comment_status":"closed","ping_status":"closed","sticky":false,"template":"","format":"standard","meta":{"ub_ctt_via":"","_mi_skip_tracking":false},"categories":[446],"tags":[783],"featured_image_src":"https:\/\/www.messinaoggi.it\/website\/wp-content\/uploads\/2024\/10\/20240930_2568.jpg","author_info":{"display_name":"Admin","author_link":"https:\/\/www.messinaoggi.it\/website\/author\/admin\/"},"digistream_id":0,"digistream":false,"_links":{"self":[{"href":"https:\/\/www.messinaoggi.it\/website\/wp-json\/wp\/v2\/posts\/212896"}],"collection":[{"href":"https:\/\/www.messinaoggi.it\/website\/wp-json\/wp\/v2\/posts"}],"about":[{"href":"https:\/\/www.messinaoggi.it\/website\/wp-json\/wp\/v2\/types\/post"}],"author":[{"embeddable":true,"href":"https:\/\/www.messinaoggi.it\/website\/wp-json\/wp\/v2\/users\/18"}],"replies":[{"embeddable":true,"href":"https:\/\/www.messinaoggi.it\/website\/wp-json\/wp\/v2\/comments?post=212896"}],"version-history":[{"count":0,"href":"https:\/\/www.messinaoggi.it\/website\/wp-json\/wp\/v2\/posts\/212896\/revisions"}],"wp:featuredmedia":[{"embeddable":true,"href":"https:\/\/www.messinaoggi.it\/website\/wp-json\/wp\/v2\/media\/212897"}],"wp:attachment":[{"href":"https:\/\/www.messinaoggi.it\/website\/wp-json\/wp\/v2\/media?parent=212896"}],"wp:term":[{"taxonomy":"category","embeddable":true,"href":"https:\/\/www.messinaoggi.it\/website\/wp-json\/wp\/v2\/categories?post=212896"},{"taxonomy":"post_tag","embeddable":true,"href":"https:\/\/www.messinaoggi.it\/website\/wp-json\/wp\/v2\/tags?post=212896"}],"curies":[{"name":"wp","href":"https:\/\/api.w.org\/{rel}","templated":true}]}}