{"id":212894,"date":"2024-10-01T00:05:33","date_gmt":"2024-09-30T22:05:33","guid":{"rendered":"https:\/\/www.messinaoggi.it\/website\/2024\/10\/01\/israele-avvia-operazioni-di-terra-in-libano-spari-di-tank-a-sud\/"},"modified":"2024-10-01T00:05:33","modified_gmt":"2024-09-30T22:05:33","slug":"israele-avvia-operazioni-di-terra-in-libano-spari-di-tank-a-sud","status":"publish","type":"post","link":"https:\/\/www.messinaoggi.it\/website\/2024\/10\/01\/israele-avvia-operazioni-di-terra-in-libano-spari-di-tank-a-sud\/","title":{"rendered":"Israele avvia \u201coperazioni di terra\u201d in Libano. Spari di tank a Sud"},"content":{"rendered":"<div>ROMA (ITALPRESS) &#8211; Il Governo israeliano ha informato gli Stati Uniti in merito a &#8220;una serie di operazioni&#8221;, comprese operazioni di terra, in Libano: lo ha riferito il Dipartimento di Stato americano. &#8220;Ci hanno detto che si tratta di operazioni limitate focalizzate sulle infrastrutture di Hezbollah vicino al confine, ma siamo in continua conversazione con loro al riguardo&#8221;, ha detto il portavoce Matthew Miller nel corso di una conferenza stampa.<br \/>\nGli Stati Uniti, ha poi aggiunto, continuano a concentrarsi su un cessate il fuoco di 21 giorni tra Israele e Hezbollah nonostante l&#8217;attivit\u00e0 militare in corso, perch\u00e8 alla fine l&#8217;obiettivo \u00e8 quello di giungere a &#8220;una soluzione diplomatica a questo conflitto&#8221;. Miller ha ribadito che Israele ha il &#8220;diritto di difendersi da Hezbollah&#8221;, anche &#8220;prendendo di mira le infrastrutture terroristiche all&#8217;interno del Libano&#8221;.<br \/>\nSecondo il media israeliano &#8220;Haaretz&#8221; sono stati segnalati colpi da fuoco di carri armati e artiglieria israeliani nel sud del Libano. Le truppe libanesi, sempre secondo quanto riportato dai media locali, si sono ritirate dalle posizioni lungo il confine meridionale con Israele ad almeno cinque chilometri a nord della frontiera.<div id=\"div-gpt-ad-Messinaoggi.it-DSK-300x250-corpoart\" style=\"text-align:center;margin:0 auto;\"><\/div><\/p>\n<p>&#8211; foto: Ipa Agency &#8211;<br \/>\n(ITALPRESS).<div id=\"videoincontent\" style=\"clear:both\";><\/div><\/p><\/div>\n","protected":false},"excerpt":{"rendered":"<p>ROMA (ITALPRESS) &#8211; Il Governo israeliano ha informato gli Stati Uniti in merito a &#8220;una serie di operazioni&#8221;, comprese operazioni di terra, in Libano: lo ha riferito il Dipartimento di Stato americano. &#8220;Ci hanno detto che si tratta di operazioni limitate focalizzate sulle infrastrutture di Hezbollah vicino al confine, ma siamo in continua conversazione con [&hellip;]<\/p>\n","protected":false},"author":18,"featured_media":212895,"comment_status":"closed","ping_status":"closed","sticky":false,"template":"","format":"standard","meta":{"ub_ctt_via":"","_mi_skip_tracking":false},"categories":[446],"tags":[783],"featured_image_src":"https:\/\/www.messinaoggi.it\/website\/wp-content\/uploads\/2024\/10\/20240930_2537.jpg","author_info":{"display_name":"Admin","author_link":"https:\/\/www.messinaoggi.it\/website\/author\/admin\/"},"digistream_id":0,"digistream":false,"_links":{"self":[{"href":"https:\/\/www.messinaoggi.it\/website\/wp-json\/wp\/v2\/posts\/212894"}],"collection":[{"href":"https:\/\/www.messinaoggi.it\/website\/wp-json\/wp\/v2\/posts"}],"about":[{"href":"https:\/\/www.messinaoggi.it\/website\/wp-json\/wp\/v2\/types\/post"}],"author":[{"embeddable":true,"href":"https:\/\/www.messinaoggi.it\/website\/wp-json\/wp\/v2\/users\/18"}],"replies":[{"embeddable":true,"href":"https:\/\/www.messinaoggi.it\/website\/wp-json\/wp\/v2\/comments?post=212894"}],"version-history":[{"count":0,"href":"https:\/\/www.messinaoggi.it\/website\/wp-json\/wp\/v2\/posts\/212894\/revisions"}],"wp:featuredmedia":[{"embeddable":true,"href":"https:\/\/www.messinaoggi.it\/website\/wp-json\/wp\/v2\/media\/212895"}],"wp:attachment":[{"href":"https:\/\/www.messinaoggi.it\/website\/wp-json\/wp\/v2\/media?parent=212894"}],"wp:term":[{"taxonomy":"category","embeddable":true,"href":"https:\/\/www.messinaoggi.it\/website\/wp-json\/wp\/v2\/categories?post=212894"},{"taxonomy":"post_tag","embeddable":true,"href":"https:\/\/www.messinaoggi.it\/website\/wp-json\/wp\/v2\/tags?post=212894"}],"curies":[{"name":"wp","href":"https:\/\/api.w.org\/{rel}","templated":true}]}}