{"id":212890,"date":"2024-09-30T22:05:31","date_gmt":"2024-09-30T20:05:31","guid":{"rendered":"https:\/\/www.messinaoggi.it\/website\/2024\/09\/30\/milan-a-leverkusen-fonseca-servira-una-difesa-perfetta\/"},"modified":"2024-09-30T22:05:31","modified_gmt":"2024-09-30T20:05:31","slug":"milan-a-leverkusen-fonseca-servira-una-difesa-perfetta","status":"publish","type":"post","link":"https:\/\/www.messinaoggi.it\/website\/2024\/09\/30\/milan-a-leverkusen-fonseca-servira-una-difesa-perfetta\/","title":{"rendered":"Milan a Leverkusen, Fonseca \u201cServir\u00e0 una difesa perfetta\u201d"},"content":{"rendered":"<div>LEVERKUSEN (GERMANIA) (ITALPRESS) &#8211; &#8220;Non penso di cambiare, dobbiamo dare continuit\u00e0 a quello che abbiamo fatto anche se sar\u00e0 una partita diversa, simile a quella giocata col Liverpool&#8221;. Paulo Fonseca sembra intenzionato a dare fiducia allo stesso gruppo che ha battuto Inter e Lecce domani a Leverkusen, nella seconda uscita stagionale in Champions. &#8220;La squadra difensivamente \u00e8 cresciuta e quello di domani sar\u00e0 un buon test per vedere le nostre capacit\u00e0 difensive in questo momento &#8211; continua il tecnico portoghese &#8211; Per vincere domani, o avere comunque la possibilit\u00e0 di battere una squadra forte come il Bayer, servir\u00e0 una partita difensivamente perfetta. Ma quando avremo la palla, cercheremo di giocare. Sono curioso di vedere il comportamento della squadra in uno scenario diverso da quello della serie A&#8221;. Nella scorsa finale di Europa League, l&#8217;Atalanta ha surclassato i tedeschi ma &#8220;non siamo l&#8217;Atalanta, una squadra che gioca uomo su uomo a tutto campo &#8211; ribatte Fonseca &#8211; Siamo una squadra diversa. Anche se ho detto che dovremo essere difensivamente perfetti, io per\u00f2 preparo la squadra anche per avere l&#8217;iniziativa, per attaccare, fare gol. Sar\u00e0 una partita difficile, magari ci saranno pi\u00f9 momenti difensivi ma quando avremo al palla cercheremo di essere una squadra aggressiva, che attacca&#8221;. Dopo aver dato venerd\u00ec la fascia a Leao, Fonseca pensa di portare avanti la rotazione dei capitani: &#8220;Voglio una leadership allargata e abbiamo la possibilit\u00e0 di avere pi\u00f9 giocatori che possono indossare la fascia. Vogliamo condividere questa responsabilit\u00e0&#8221;. <br \/>Proprio Rafa Leao era in conferenza stampa al fianco del tecnico: &#8220;Gi\u00e0 il primo giorno il mister mi ha chiamato in ufficio, non mi ha parlato di gol o assist ma di volere un giocatore diverso, pi\u00f9 concentrato nel lavoro difensivo, e che mi avrebbe aiutato a essere un giocatore migliore. Io voglio vincere e per vincere bisogna fare sacrifici. La fascia di capitano? &#8220;E&#8217; un orgoglio &#8211; aggiunge il portoghese &#8211; Quando gioco con questa maglia \u00e8 sempre una responsabilit\u00e0, con la fascia lo \u00e8 ancora di pi\u00f9&#8221;. E per quanto riguarda le ambizioni europee del Milan, &#8220;dobbiamo pensare partita per partita. Sarebbe importante vincere in Champions, ci darebbe fiducia, anche se domani sar\u00e0 una gara difficile&#8221;.<br \/>&#8211; foto Ipa Agency &#8211;<br \/>(ITALPRESS).<\/div>\n<div id=\"div-gpt-ad-Messinaoggi.it-DSK-300x250-corpoart\" style=\"text-align:center;margin:0 auto;\"><\/div><\/p><div id=\"videoincontent\" style=\"clear:both\";><\/div>","protected":false},"excerpt":{"rendered":"<p>LEVERKUSEN (GERMANIA) (ITALPRESS) &#8211; &#8220;Non penso di cambiare, dobbiamo dare continuit\u00e0 a quello che abbiamo fatto anche se sar\u00e0 una partita diversa, simile a quella giocata col Liverpool&#8221;. Paulo Fonseca sembra intenzionato a dare fiducia allo stesso gruppo che ha battuto Inter e Lecce domani a Leverkusen, nella seconda uscita stagionale in Champions. &#8220;La squadra [&hellip;]<\/p>\n","protected":false},"author":18,"featured_media":212891,"comment_status":"closed","ping_status":"closed","sticky":false,"template":"","format":"standard","meta":{"ub_ctt_via":"","_mi_skip_tracking":false},"categories":[446],"tags":[783],"featured_image_src":"https:\/\/www.messinaoggi.it\/website\/wp-content\/uploads\/2024\/09\/20240930_2465.jpg","author_info":{"display_name":"Admin","author_link":"https:\/\/www.messinaoggi.it\/website\/author\/admin\/"},"digistream_id":0,"digistream":false,"_links":{"self":[{"href":"https:\/\/www.messinaoggi.it\/website\/wp-json\/wp\/v2\/posts\/212890"}],"collection":[{"href":"https:\/\/www.messinaoggi.it\/website\/wp-json\/wp\/v2\/posts"}],"about":[{"href":"https:\/\/www.messinaoggi.it\/website\/wp-json\/wp\/v2\/types\/post"}],"author":[{"embeddable":true,"href":"https:\/\/www.messinaoggi.it\/website\/wp-json\/wp\/v2\/users\/18"}],"replies":[{"embeddable":true,"href":"https:\/\/www.messinaoggi.it\/website\/wp-json\/wp\/v2\/comments?post=212890"}],"version-history":[{"count":0,"href":"https:\/\/www.messinaoggi.it\/website\/wp-json\/wp\/v2\/posts\/212890\/revisions"}],"wp:featuredmedia":[{"embeddable":true,"href":"https:\/\/www.messinaoggi.it\/website\/wp-json\/wp\/v2\/media\/212891"}],"wp:attachment":[{"href":"https:\/\/www.messinaoggi.it\/website\/wp-json\/wp\/v2\/media?parent=212890"}],"wp:term":[{"taxonomy":"category","embeddable":true,"href":"https:\/\/www.messinaoggi.it\/website\/wp-json\/wp\/v2\/categories?post=212890"},{"taxonomy":"post_tag","embeddable":true,"href":"https:\/\/www.messinaoggi.it\/website\/wp-json\/wp\/v2\/tags?post=212890"}],"curies":[{"name":"wp","href":"https:\/\/api.w.org\/{rel}","templated":true}]}}