{"id":212868,"date":"2024-09-30T18:05:34","date_gmt":"2024-09-30T16:05:34","guid":{"rendered":"https:\/\/www.messinaoggi.it\/website\/2024\/09\/30\/inzaghi-la-nuova-champions-e-un-tutti-contro-tutti\/"},"modified":"2024-09-30T18:05:34","modified_gmt":"2024-09-30T16:05:34","slug":"inzaghi-la-nuova-champions-e-un-tutti-contro-tutti","status":"publish","type":"post","link":"https:\/\/www.messinaoggi.it\/website\/2024\/09\/30\/inzaghi-la-nuova-champions-e-un-tutti-contro-tutti\/","title":{"rendered":"Inzaghi \u201cLa nuova Champions \u00e8 un tutti contro tutti\u201d"},"content":{"rendered":"<div>MILANO (ITALPRESS) &#8211; &#8220;Vincere \u00e8 difficile, rivincere ancora di pi\u00f9. I ragazzi stanno lavorando con il massimo impegno, ci manca quella continuit\u00e0 avuta lo scorso anno ma tante squadre stanno avendo difficolt\u00e0. Anche noi stiamo cercando di migliorarci, stiamo lavorando e sono fiducioso&#8221;. Lo ha detto il tecnico dell&#8217;Inter, Simone Inzaghi, alla vigilia della sfida casalinga di Champions League contro i serbi della Stella Rossa. &#8220;La nuova formula della Champions? Se l&#8217;anno scorso dopo le prime due partite potevi fare dei bilanci o capire come sarebbe andato il girone, adesso \u00e8 un tutti contro tutti. E&#8217; una formula molto pi\u00f9 avvincente&#8221;, ha aggiunto il mister nerazzurro in conferenza stampa. &#8220;L&#8217;Inter si era gi\u00e0 rivista con Manchester, Atalanta e Lecce, non solo domenica a Udine &#8211; ha proseguito Inzaghi &#8211; Dobbiamo ritrovare la continuit\u00e0 di risultati, senza concedere nulla. Questo \u00e8 un momento in cui dobbiamo prestare pi\u00f9 attenzione contro gli avversari di valore che si trovano in Champions&#8221;. La formazione anti Stella Rossa \u00e8 ancora in cantiere: &#8220;Per quanto riguarda gli attaccanti, devo ancora decidere ma tutti e quattro domani potrebbero giocare, non so chi dall&#8217;inizio. Io intendo il turn-over nel senso che abbiamo bisogno di tutti, devo fare delle scelte alle volte pi\u00f9 o meno semplici. Frattesi? Sto valutando se partir\u00e0 o meno titolare, di sicuro giocheranno da subito Zielinski e Dumfries&#8221;. Per quanto riguarda la sfida di domani, Inzaghi ha assicurato che &#8220;sar\u00e0 una partita con delle insidie, dovremo stare attenti&#8221;. Infine, in merito all&#8217;indagine che ha portato all&#8217;arresto di diversi capi ultras di Inter e Milan, l&#8217;allenatore dei campioni d&#8217;Italia ha preferito non commentare: &#8220;La societ\u00e0 ci ha chiesto di non dire niente sull&#8217;accaduto, c&#8217;\u00e8 un&#8217;indagine in corso&#8221;. Presente in conferenza anche il difensore olandese Stefan de Vrij. &#8220;Sapevamo che era importante rialzarci subito su un campo difficile e contro una squadra in salute, che ha ottenuto risultati. Abbiamo fatto cose molto positive e altre da migliorare, per\u00f2 siamo stati squadra e abbiamo portato a casa una vittoria importante &#8211; ha ammesso il difensore dell&#8217;Inter tornando sul successo in campionato sul terreno dell&#8217;Udinese &#8211; Dobbiamo lasciarci il passato alle spalle, questo \u00e8 un nuovo anno in cui il nostro inizio poteva essere migliore, ma la stagione sar\u00e0 lunghissima&#8221;. &#8220;La nuova formula della Champions? E&#8217; tutto nuovo per noi giocatori, ci hanno spiegato bene come \u00e8 cambiata e ci rendiamo conto che ogni partita \u00e8 importantissima e pu\u00f2 essere fondamentale. Come sempre, penseremo ad una partita per volta, pensando a vincere&#8221;, ha concluso l&#8217;ex laziale.<br \/>&#8211; Foto Ipa Agency &#8211;<br \/>(ITALPRESS).<\/div>\n<div id=\"div-gpt-ad-Messinaoggi.it-DSK-300x250-corpoart\" style=\"text-align:center;margin:0 auto;\"><\/div><\/p><div id=\"videoincontent\" style=\"clear:both\";><\/div>","protected":false},"excerpt":{"rendered":"<p>MILANO (ITALPRESS) &#8211; &#8220;Vincere \u00e8 difficile, rivincere ancora di pi\u00f9. I ragazzi stanno lavorando con il massimo impegno, ci manca quella continuit\u00e0 avuta lo scorso anno ma tante squadre stanno avendo difficolt\u00e0. Anche noi stiamo cercando di migliorarci, stiamo lavorando e sono fiducioso&#8221;. Lo ha detto il tecnico dell&#8217;Inter, Simone Inzaghi, alla vigilia della sfida [&hellip;]<\/p>\n","protected":false},"author":18,"featured_media":212869,"comment_status":"closed","ping_status":"closed","sticky":false,"template":"","format":"standard","meta":{"ub_ctt_via":"","_mi_skip_tracking":false},"categories":[446],"tags":[783],"featured_image_src":"https:\/\/www.messinaoggi.it\/website\/wp-content\/uploads\/2024\/09\/20240930_1336.jpg","author_info":{"display_name":"Admin","author_link":"https:\/\/www.messinaoggi.it\/website\/author\/admin\/"},"digistream_id":0,"digistream":false,"_links":{"self":[{"href":"https:\/\/www.messinaoggi.it\/website\/wp-json\/wp\/v2\/posts\/212868"}],"collection":[{"href":"https:\/\/www.messinaoggi.it\/website\/wp-json\/wp\/v2\/posts"}],"about":[{"href":"https:\/\/www.messinaoggi.it\/website\/wp-json\/wp\/v2\/types\/post"}],"author":[{"embeddable":true,"href":"https:\/\/www.messinaoggi.it\/website\/wp-json\/wp\/v2\/users\/18"}],"replies":[{"embeddable":true,"href":"https:\/\/www.messinaoggi.it\/website\/wp-json\/wp\/v2\/comments?post=212868"}],"version-history":[{"count":0,"href":"https:\/\/www.messinaoggi.it\/website\/wp-json\/wp\/v2\/posts\/212868\/revisions"}],"wp:featuredmedia":[{"embeddable":true,"href":"https:\/\/www.messinaoggi.it\/website\/wp-json\/wp\/v2\/media\/212869"}],"wp:attachment":[{"href":"https:\/\/www.messinaoggi.it\/website\/wp-json\/wp\/v2\/media?parent=212868"}],"wp:term":[{"taxonomy":"category","embeddable":true,"href":"https:\/\/www.messinaoggi.it\/website\/wp-json\/wp\/v2\/categories?post=212868"},{"taxonomy":"post_tag","embeddable":true,"href":"https:\/\/www.messinaoggi.it\/website\/wp-json\/wp\/v2\/tags?post=212868"}],"curies":[{"name":"wp","href":"https:\/\/api.w.org\/{rel}","templated":true}]}}