{"id":212866,"date":"2024-09-30T18:05:33","date_gmt":"2024-09-30T16:05:33","guid":{"rendered":"https:\/\/www.messinaoggi.it\/website\/2024\/09\/30\/italia-romania-al-via-partnership-tra-italpress-e-adv-communication\/"},"modified":"2024-09-30T18:05:33","modified_gmt":"2024-09-30T16:05:33","slug":"italia-romania-al-via-partnership-tra-italpress-e-adv-communication","status":"publish","type":"post","link":"https:\/\/www.messinaoggi.it\/website\/2024\/09\/30\/italia-romania-al-via-partnership-tra-italpress-e-adv-communication\/","title":{"rendered":"Italia-Romania, al via partnership tra Italpress e Adv Communication"},"content":{"rendered":"<div>ROMA (ITALPRESS) &#8211; L&#8217;agenzia di Stampa Italpress e ADV Communication di Bucarest hanno sottoscritto una partnership internazionale che consentir\u00e0 uno scambio reciproco di contenuti tra le due realt\u00e0, valorizzando al tempo stesso peculiarit\u00e0 ed eccellenze di Italia e Romania. <br \/>Italpress \u00e8 stata fondata 36 anni fa da Gaspare Borsellino. Ha redazioni e studi televisivi e multimediali a Palermo, Roma e Milano, un ufficio di corrispondenza a New York, una capillare presenza in Italia e nelle principali capitali estere, oltre a partnership internazionali con altre agenzie europee e dell&#8217;area Med. <br \/>&#8220;Siamo entusiasti di intraprendere questo progetto con ADV Communication &#8211; afferma il direttore responsabile dell&#8217;Italpress, Gaspare Borsellino  -. Questa partnership rappresenta per noi un&#8217;opportunit\u00e0 per espandere la nostra presenza internazionale anche nell&#8217;Est Europa, promuovendo uno scambio culturale e informativo che arricchir\u00e0 le testate nostre abbonate e le relazioni tra i due Paesi&#8221;.   <br \/>ADV Communication \u00e8 stata fondata nel 2001 da Giulio Bertola ed \u00e8 l&#8217;Agenzia di Comunicazione integrata e Ufficio Stampa a capitale italiano che, negli ultimi venti anni, ha partecipato alle pi\u00f9 importanti internazionalizzazioni di aziende italiane nel Paese, in molti settori: Energia, Trasporti, Automotive, Costruzioni,  oltre che essere, dal 2003, l&#8217;ufficio stampa ufficiale di Confindustria Romania, la pi\u00f9 grande Rappresentanza Internazionale di Confindustria, che ha accompagnato nella sua crescita associativa fino ad oggi, definendone le strategie di comunicazione, in Romania e in Italia e realizzando i pi\u00f9 significativi eventi istituzionali, con la partecipazione delle pi\u00f9 alte cariche dei rispettivi Stati. <br \/>&#8220;Siamo onorati di collaborare con un partner prestigioso come Italpress &#8211; dice Gabriela Popa, Communication Specialist dell&#8217;Agenzia ADV -. Questa partnership non solo rafforza il nostro impegno verso una comunicazione di qualit\u00e0 ma pone le basi per una nuova era di cooperazione tra i media dei nostri due Paesi, a supporto anche dei maggiori investimenti italiani in Romania&#8221;.<br \/>(ITALPRESS).<\/div>\n<div id=\"div-gpt-ad-Messinaoggi.it-DSK-300x250-corpoart\" style=\"text-align:center;margin:0 auto;\"><\/div><\/p><div id=\"videoincontent\" style=\"clear:both\";><\/div>","protected":false},"excerpt":{"rendered":"<p>ROMA (ITALPRESS) &#8211; L&#8217;agenzia di Stampa Italpress e ADV Communication di Bucarest hanno sottoscritto una partnership internazionale che consentir\u00e0 uno scambio reciproco di contenuti tra le due realt\u00e0, valorizzando al tempo stesso peculiarit\u00e0 ed eccellenze di Italia e Romania. Italpress \u00e8 stata fondata 36 anni fa da Gaspare Borsellino. Ha redazioni e studi televisivi e [&hellip;]<\/p>\n","protected":false},"author":18,"featured_media":212867,"comment_status":"closed","ping_status":"closed","sticky":false,"template":"","format":"standard","meta":{"ub_ctt_via":"","_mi_skip_tracking":false},"categories":[446],"tags":[783],"featured_image_src":"https:\/\/www.messinaoggi.it\/website\/wp-content\/uploads\/2024\/09\/20240930_0883.jpg","author_info":{"display_name":"Admin","author_link":"https:\/\/www.messinaoggi.it\/website\/author\/admin\/"},"digistream_id":0,"digistream":false,"_links":{"self":[{"href":"https:\/\/www.messinaoggi.it\/website\/wp-json\/wp\/v2\/posts\/212866"}],"collection":[{"href":"https:\/\/www.messinaoggi.it\/website\/wp-json\/wp\/v2\/posts"}],"about":[{"href":"https:\/\/www.messinaoggi.it\/website\/wp-json\/wp\/v2\/types\/post"}],"author":[{"embeddable":true,"href":"https:\/\/www.messinaoggi.it\/website\/wp-json\/wp\/v2\/users\/18"}],"replies":[{"embeddable":true,"href":"https:\/\/www.messinaoggi.it\/website\/wp-json\/wp\/v2\/comments?post=212866"}],"version-history":[{"count":0,"href":"https:\/\/www.messinaoggi.it\/website\/wp-json\/wp\/v2\/posts\/212866\/revisions"}],"wp:featuredmedia":[{"embeddable":true,"href":"https:\/\/www.messinaoggi.it\/website\/wp-json\/wp\/v2\/media\/212867"}],"wp:attachment":[{"href":"https:\/\/www.messinaoggi.it\/website\/wp-json\/wp\/v2\/media?parent=212866"}],"wp:term":[{"taxonomy":"category","embeddable":true,"href":"https:\/\/www.messinaoggi.it\/website\/wp-json\/wp\/v2\/categories?post=212866"},{"taxonomy":"post_tag","embeddable":true,"href":"https:\/\/www.messinaoggi.it\/website\/wp-json\/wp\/v2\/tags?post=212866"}],"curies":[{"name":"wp","href":"https:\/\/api.w.org\/{rel}","templated":true}]}}