{"id":212794,"date":"2024-09-30T11:05:17","date_gmt":"2024-09-30T09:05:17","guid":{"rendered":"http:\/\/www.messinaoggi.it\/website\/?p=212794"},"modified":"2024-09-30T11:05:18","modified_gmt":"2024-09-30T09:05:18","slug":"atm-ampliata-lofferta-dei-servizi-di-trasporto","status":"publish","type":"post","link":"https:\/\/www.messinaoggi.it\/website\/2024\/09\/30\/atm-ampliata-lofferta-dei-servizi-di-trasporto\/","title":{"rendered":"ATM, ampliata l&#8217;offerta dei servizi di trasporto"},"content":{"rendered":"\n<p>Il servizio di traporto pubblico locale cresce e si adegua sempre di pi\u00f9 alle esigenze degli utenti. Da domani, marted\u00ec 1\u00b0 ottobre, ATM SpA introdurr\u00e0 alcune novit\u00e0 per ampliare e migliorare l\u2019offerta, con l\u2019obiettivo di dare risposte concrete\u00a0 alle richieste dei cittadini, spesso frutto di criticit\u00e0 legate alla viabilit\u00e0.<br>Ad essere interessate saranno le seguenti linee: 6 (Tipoldo); 8 bis (Santa Lucia \u2013 San Filippo Inferiore); 11 (Cumia \u2013 Bordonaro superiore); 12 (Bordonaro inferiore); 12 bis (Navetta Parcheggi); 16\/ (Gravitelli); 16 bis (Montepiselli); 18 (San Michele \u2013 Terminal Cavallotti); 23 (Annunziata).<br>Le linee 6 e 8 bis subiranno una lieve variazione di orario. La linea 11 servir\u00e0 la stazione Centrale e transiter\u00e0 da Bordonaro superiore esclusivamente nelle corse serali. La linea 12 bis avr\u00e0 come capolinea Bordonaro Superiore e lo ZIR e continuer\u00e0 a garantire, in alternanza con il 12, un servizio navetta con i parcheggi Bordonaro e Socrate. La prima corsa del mattino partir\u00e0 da Cumia. La linea 12 avr\u00e0 solo una variazione di orario.<br>La linea 16\/, che collega Piazzale Todaro e Piazza d\u2019Armi (Gravitelli), sar\u00e0 attiva anche la mattina con 8 corse, mentre la linea 16 Bis avr\u00e0 in totale 3 corse, dalle 10 alle 12, con partenza dalla stazione Centrale.<br>Sempre da domani, marted\u00ec 1\u00b0\u00a0ottobre,\u00a0verr\u00e0 potenziata anche la linea 18 tramite la linea 18\/, che far\u00e0 la tratta San Michele &#8211; stazione Centrale.<br>La linea 23, che collega il centro citt\u00e0 con Portella Arena, nella fascia oraria diurna transiter\u00e0 dalla Cittadella Universitaria, al fine di rafforzare ulteriormente l\u2019offerta di trasporto pubblico in favore degli studenti universitari che quotidianamente utilizzano i mezzi pubblici per andare a seguire le lezioni e poi tornare a casa.<div id=\"div-gpt-ad-Messinaoggi.it-DSK-300x250-corpoart\" style=\"text-align:center;margin:0 auto;\"><\/div><\/p>\n<div id=\"videoincontent\" style=\"clear:both\";><\/div>","protected":false},"excerpt":{"rendered":"<p>Il servizio di traporto pubblico locale cresce e si adegua sempre di pi\u00f9 alle esigenze degli utenti. Da domani, marted\u00ec 1\u00b0 ottobre, ATM SpA introdurr\u00e0 alcune novit\u00e0 per ampliare e migliorare l\u2019offerta, con l\u2019obiettivo di dare risposte concrete\u00a0 alle richieste dei cittadini, spesso frutto di criticit\u00e0 legate alla viabilit\u00e0.Ad essere interessate saranno le seguenti linee: [&hellip;]<\/p>\n","protected":false},"author":2,"featured_media":157061,"comment_status":"open","ping_status":"open","sticky":false,"template":"","format":"standard","meta":{"ub_ctt_via":"","_mi_skip_tracking":false},"categories":[5],"tags":[3460,10508],"featured_image_src":"https:\/\/www.messinaoggi.it\/website\/wp-content\/uploads\/2023\/05\/0-16.jpg","author_info":{"display_name":"Redazione","author_link":"https:\/\/www.messinaoggi.it\/website\/author\/redazione\/"},"digistream_id":0,"digistream":false,"_links":{"self":[{"href":"https:\/\/www.messinaoggi.it\/website\/wp-json\/wp\/v2\/posts\/212794"}],"collection":[{"href":"https:\/\/www.messinaoggi.it\/website\/wp-json\/wp\/v2\/posts"}],"about":[{"href":"https:\/\/www.messinaoggi.it\/website\/wp-json\/wp\/v2\/types\/post"}],"author":[{"embeddable":true,"href":"https:\/\/www.messinaoggi.it\/website\/wp-json\/wp\/v2\/users\/2"}],"replies":[{"embeddable":true,"href":"https:\/\/www.messinaoggi.it\/website\/wp-json\/wp\/v2\/comments?post=212794"}],"version-history":[{"count":1,"href":"https:\/\/www.messinaoggi.it\/website\/wp-json\/wp\/v2\/posts\/212794\/revisions"}],"predecessor-version":[{"id":212795,"href":"https:\/\/www.messinaoggi.it\/website\/wp-json\/wp\/v2\/posts\/212794\/revisions\/212795"}],"wp:featuredmedia":[{"embeddable":true,"href":"https:\/\/www.messinaoggi.it\/website\/wp-json\/wp\/v2\/media\/157061"}],"wp:attachment":[{"href":"https:\/\/www.messinaoggi.it\/website\/wp-json\/wp\/v2\/media?parent=212794"}],"wp:term":[{"taxonomy":"category","embeddable":true,"href":"https:\/\/www.messinaoggi.it\/website\/wp-json\/wp\/v2\/categories?post=212794"},{"taxonomy":"post_tag","embeddable":true,"href":"https:\/\/www.messinaoggi.it\/website\/wp-json\/wp\/v2\/tags?post=212794"}],"curies":[{"name":"wp","href":"https:\/\/api.w.org\/{rel}","templated":true}]}}