{"id":212766,"date":"2024-09-29T19:05:37","date_gmt":"2024-09-29T17:05:37","guid":{"rendered":"https:\/\/www.messinaoggi.it\/website\/2024\/09\/29\/pogacar-vince-in-solitaria-ed-e-il-nuovo-campione-del-mondo\/"},"modified":"2024-09-29T19:05:37","modified_gmt":"2024-09-29T17:05:37","slug":"pogacar-vince-in-solitaria-ed-e-il-nuovo-campione-del-mondo","status":"publish","type":"post","link":"https:\/\/www.messinaoggi.it\/website\/2024\/09\/29\/pogacar-vince-in-solitaria-ed-e-il-nuovo-campione-del-mondo\/","title":{"rendered":"Pogacar vince in solitaria ed \u00e8 il nuovo campione del mondo"},"content":{"rendered":"<div>ZURIGO (SVIZZERA) (ITALPRESS) &#8211; Tadej Pogacar \u00e8 il nuovo campione del mondo di ciclismo. Lo sloveno, per la prima volta iridato, chiude una stagione incredibile. Dopo la vittoria del Giro d&#8217;Italia e del Tour de France Pogacar ha trionfato in solitaria nella gara in linea elite dei Mondiali di ciclismo, andati in scena a Zurigo. Partito a 100 chilometri dall&#8217;arrivo, e rimasto solo ai -50, il fenomeno della Uae Emirates ha conquistato la prima storica medaglia d&#8217;oro per la Slovenia nel ciclismo. Terzo lo scorso anno a Glasgow, Pogacar ha anticipato l&#8217;australiano Ben O&#8217;Connor, secondo, e l&#8217;olandese Mathieu van der Poel, campione uscente, giunto terzo. Nessun italiano nei primi venti classificati della gara odierna.<br \/>&#8220;Non posso credere a quello che \u00e8 successo, dopo una stagione in cui c&#8217;\u00e8 stata tanta pressione. La corsa \u00e8 scoppiata piuttosto presto, non so a cosa stavo pensando, sono semplicemente partito, per fortuna ce l&#8217;ho fatta, \u00e8 stato incredibile&#8221;, ha detto il nuovo campione del mondo dopo il trionfo. &#8220;Volevo assolutamente questo titolo, ho combattuto per Giro e Tour e quest&#8217;anno ho avuto l&#8217;opportunit\u00e0 di vincere anche il Mondiale. Dopo una stagione perfetta sono riuscito a raggiungere anche l&#8217;ultimo grande obiettivo. Senza la squadra non sarebbe stato possibile, ringrazio tutta la mia Nazionale&#8221;, ha aggiunto il raggiante Pogacar.<br \/>&#8211; foto Image &#8211;<br \/>(ITALPRESS).<\/div>\n<div id=\"div-gpt-ad-Messinaoggi.it-DSK-300x250-corpoart\" style=\"text-align:center;margin:0 auto;\"><\/div><\/p><div id=\"videoincontent\" style=\"clear:both\";><\/div>","protected":false},"excerpt":{"rendered":"<p>ZURIGO (SVIZZERA) (ITALPRESS) &#8211; Tadej Pogacar \u00e8 il nuovo campione del mondo di ciclismo. Lo sloveno, per la prima volta iridato, chiude una stagione incredibile. Dopo la vittoria del Giro d&#8217;Italia e del Tour de France Pogacar ha trionfato in solitaria nella gara in linea elite dei Mondiali di ciclismo, andati in scena a Zurigo. [&hellip;]<\/p>\n","protected":false},"author":18,"featured_media":212767,"comment_status":"closed","ping_status":"closed","sticky":false,"template":"","format":"standard","meta":{"ub_ctt_via":"","_mi_skip_tracking":false},"categories":[446],"tags":[783],"featured_image_src":"https:\/\/www.messinaoggi.it\/website\/wp-content\/uploads\/2024\/09\/20240929_1552.jpg","author_info":{"display_name":"Admin","author_link":"https:\/\/www.messinaoggi.it\/website\/author\/admin\/"},"digistream_id":0,"digistream":false,"_links":{"self":[{"href":"https:\/\/www.messinaoggi.it\/website\/wp-json\/wp\/v2\/posts\/212766"}],"collection":[{"href":"https:\/\/www.messinaoggi.it\/website\/wp-json\/wp\/v2\/posts"}],"about":[{"href":"https:\/\/www.messinaoggi.it\/website\/wp-json\/wp\/v2\/types\/post"}],"author":[{"embeddable":true,"href":"https:\/\/www.messinaoggi.it\/website\/wp-json\/wp\/v2\/users\/18"}],"replies":[{"embeddable":true,"href":"https:\/\/www.messinaoggi.it\/website\/wp-json\/wp\/v2\/comments?post=212766"}],"version-history":[{"count":0,"href":"https:\/\/www.messinaoggi.it\/website\/wp-json\/wp\/v2\/posts\/212766\/revisions"}],"wp:featuredmedia":[{"embeddable":true,"href":"https:\/\/www.messinaoggi.it\/website\/wp-json\/wp\/v2\/media\/212767"}],"wp:attachment":[{"href":"https:\/\/www.messinaoggi.it\/website\/wp-json\/wp\/v2\/media?parent=212766"}],"wp:term":[{"taxonomy":"category","embeddable":true,"href":"https:\/\/www.messinaoggi.it\/website\/wp-json\/wp\/v2\/categories?post=212766"},{"taxonomy":"post_tag","embeddable":true,"href":"https:\/\/www.messinaoggi.it\/website\/wp-json\/wp\/v2\/tags?post=212766"}],"curies":[{"name":"wp","href":"https:\/\/api.w.org\/{rel}","templated":true}]}}