{"id":212762,"date":"2024-09-29T19:05:35","date_gmt":"2024-09-29T17:05:35","guid":{"rendered":"https:\/\/www.messinaoggi.it\/website\/2024\/09\/29\/cutrone-trascina-il-como-verona-sconfitto-3-2\/"},"modified":"2024-09-29T19:05:35","modified_gmt":"2024-09-29T17:05:35","slug":"cutrone-trascina-il-como-verona-sconfitto-3-2","status":"publish","type":"post","link":"https:\/\/www.messinaoggi.it\/website\/2024\/09\/29\/cutrone-trascina-il-como-verona-sconfitto-3-2\/","title":{"rendered":"Cutrone trascina il Como, Verona sconfitto 3-2"},"content":{"rendered":"<div>COMO (ITALPRESS) &#8211; Vittoria di gioco e spirito da parte del Como, che batte per 3-2 il Verona e si allontana dalle zone basse della classifica. Decisiva la doppietta di Cutrone e la rete nei minuti finali di Belotti, con la squadra di Paolo Zanetti che in dieci uomini \u00e8 comunque riuscita ad impensierire gli avversari prima con il rigore di Lazovic e poi con il gol nel recupero di Lambourde.<br \/>La prima chance ce l&#8217;ha il Como, con il sinistro potente di Alberto Moreno e la parata reattiva di Montip\u00f2. Portiere del Verona che sar\u00e0 protagonista di un altro intervento decisivo, al 20&#8242;, con il cross dalla destra di Cutrone e il colpo di testa di Nico Paz sul quale proprio Montip\u00f2 salva di fatto sulla linea di porta. Ma il Como continua a fare la partita e poco pi\u00f9 tardi va ancora vicino all&#8217;1-0, con il servizio di testa di Nico Paz per Sergi Roberto che tutto solo in area calcia largo. Terza occasione nitida per i lombardi, con il Verona che riuscirebbe a ribaltare il campo trovando la rete con Tengstedt, il tutto per\u00f2 in posizione irregolare. Lampo estemporaneo degli scaligeri e di nuovo Como in avanti, con il duello tra Nico Paz e Montip\u00f2 che si rinnova al 41&#8242;, sul colpo di testa dell&#8217;argentino e la risposta dell&#8217;estremo difensore con i piedi. Ennesimo segnale comasco che si concretizza in gol tre minuti pi\u00f9 tardi, con la conclusione di Cutrone che deviata da Tchatchoua termina in rete. <br \/>In avvio di ripresa arriva l&#8217;episodio favorevole al Verona, con il pestone in area di Sergi Roberto ai danni di Lazovic che, dopo il controllo al Var, vale il rigore per l&#8217;undici di Zanetti, trasformato poi dallo stesso serbo. Pari e reazione del Como, che si ritrover\u00e0 anche in superiorit\u00e0 numerica nei venticinque minuti finali per la doppia ammonizione di Suslov. Ed \u00e8 proprio al 72&#8242; che i biancobl\u00f9 rimettono la freccia, grazie all&#8217;imbucata di Nico Paz per il solito Cutrone, freddo ad insaccare il pallone del 2-1. Verona alle strette e Como che realizza anche il terzo gol, con il trio di neoentrati Da Cunha, Mazzitelli e Belotti che concretizzano, con il tap-in di quest&#8217;ultimo, la rete del 3-1. Gara agli sgoccioli e che si conclude col gol del Verona firmato da Lambourde ma vano ai fini del risultato che si definisce nel 3-2 finale.<br \/>&#8211; Foto: Image &#8211; <br \/>(ITALPRESS).<\/div>\n<div id=\"div-gpt-ad-Messinaoggi.it-DSK-300x250-corpoart\" style=\"text-align:center;margin:0 auto;\"><\/div><\/p><div id=\"videoincontent\" style=\"clear:both\";><\/div>","protected":false},"excerpt":{"rendered":"<p>COMO (ITALPRESS) &#8211; Vittoria di gioco e spirito da parte del Como, che batte per 3-2 il Verona e si allontana dalle zone basse della classifica. Decisiva la doppietta di Cutrone e la rete nei minuti finali di Belotti, con la squadra di Paolo Zanetti che in dieci uomini \u00e8 comunque riuscita ad impensierire gli [&hellip;]<\/p>\n","protected":false},"author":18,"featured_media":212763,"comment_status":"closed","ping_status":"closed","sticky":false,"template":"","format":"standard","meta":{"ub_ctt_via":"","_mi_skip_tracking":false},"categories":[446],"tags":[783],"featured_image_src":"https:\/\/www.messinaoggi.it\/website\/wp-content\/uploads\/2024\/09\/20240929_1475.jpg","author_info":{"display_name":"Admin","author_link":"https:\/\/www.messinaoggi.it\/website\/author\/admin\/"},"digistream_id":0,"digistream":false,"_links":{"self":[{"href":"https:\/\/www.messinaoggi.it\/website\/wp-json\/wp\/v2\/posts\/212762"}],"collection":[{"href":"https:\/\/www.messinaoggi.it\/website\/wp-json\/wp\/v2\/posts"}],"about":[{"href":"https:\/\/www.messinaoggi.it\/website\/wp-json\/wp\/v2\/types\/post"}],"author":[{"embeddable":true,"href":"https:\/\/www.messinaoggi.it\/website\/wp-json\/wp\/v2\/users\/18"}],"replies":[{"embeddable":true,"href":"https:\/\/www.messinaoggi.it\/website\/wp-json\/wp\/v2\/comments?post=212762"}],"version-history":[{"count":0,"href":"https:\/\/www.messinaoggi.it\/website\/wp-json\/wp\/v2\/posts\/212762\/revisions"}],"wp:featuredmedia":[{"embeddable":true,"href":"https:\/\/www.messinaoggi.it\/website\/wp-json\/wp\/v2\/media\/212763"}],"wp:attachment":[{"href":"https:\/\/www.messinaoggi.it\/website\/wp-json\/wp\/v2\/media?parent=212762"}],"wp:term":[{"taxonomy":"category","embeddable":true,"href":"https:\/\/www.messinaoggi.it\/website\/wp-json\/wp\/v2\/categories?post=212762"},{"taxonomy":"post_tag","embeddable":true,"href":"https:\/\/www.messinaoggi.it\/website\/wp-json\/wp\/v2\/tags?post=212762"}],"curies":[{"name":"wp","href":"https:\/\/api.w.org\/{rel}","templated":true}]}}