{"id":212760,"date":"2024-09-29T19:05:33","date_gmt":"2024-09-29T17:05:33","guid":{"rendered":"https:\/\/www.messinaoggi.it\/website\/2024\/09\/29\/steinmeier-a-marzabotto-provo-dolore-e-vergogna-chiedo-perdono\/"},"modified":"2024-09-29T19:05:33","modified_gmt":"2024-09-29T17:05:33","slug":"steinmeier-a-marzabotto-provo-dolore-e-vergogna-chiedo-perdono","status":"publish","type":"post","link":"https:\/\/www.messinaoggi.it\/website\/2024\/09\/29\/steinmeier-a-marzabotto-provo-dolore-e-vergogna-chiedo-perdono\/","title":{"rendered":"Steinmeier a Marzabotto \u201cProvo dolore e vergogna, chiedo perdono\u201d"},"content":{"rendered":"<div>ROMA (ITALPRESS) &#8211; &#8220;E&#8217; un cammino difficile venire come presidente tedesco in questo luogo dell&#8217;orrore e parlare a voi. Oggi sono qui davanti a voi come presidente federale tedesco e provo solo dolore e vergogna. Mi inchino dinnanzi ai morti. A nome del mio Paese oggi vi chiedo perdono&#8221;. Cos\u00ec il presidente tedesco Frank-Walter Steinmeier, nel suo intervento alla cerimonia per gli 80 anni della strage di Marzabotto, alla presenza tra gli altri del presidente della Repubblica Italiana Sergio Mattarella. &#8220;Cari familiari, cari discendenti, che io possa parlare qui oggi \u00e8 possibile solo perch\u00e8 voi tutti avete concesso a noi tedeschi la riconciliazione&#8221;, ha aggiunto. &#8220;Dobbiamo ricordare: lo dobbiamo alle vittime e a voi discendenti. Ricordare perch\u00e8 quanto \u00e8 accaduto non ritorni&#8221;, ha sottolineato Steinmeier.<br \/>&#8220;Tutta questa zona intorno a Monte Sole \u00e8 segnata ancora oggi <br \/>da profonde e visibili cicatrici &#8211; ha proseguito il capo di Stato tedesco -. E io so che il dolore \u00e8 ancora pi\u00f9 grande <br \/>perch\u00e8 la maggior parte dei crimini \u00e8 rimasta impunita. Questa \u00e8 la seconda colpa di cui noi tedeschi ci siamo macchiati. Cari familiari, cari discendenti, che io possa parlare qui oggi <br \/>\u00e8 possibile solo perch\u00e8 Voi tutti avete concesso a noi tedeschi la riconciliazione. Che preziosissimo dono! Questa riconciliazione la vivete molto concretamente qui a Marzabotto <br \/>e nei comuni limitrofi. Nella Vostra Scuola di Pace, in stretto scambio con giovani tedeschi, nel gemellaggio con Brema-Vegesack <br \/>e nella sua Scuola Internazionale di Pace&#8221;.<div id=\"div-gpt-ad-Messinaoggi.it-DSK-300x250-corpoart\" style=\"text-align:center;margin:0 auto;\"><\/div><\/p>\n<p>&#8211; Foto ufficio stampa Quirinale &#8211;<div id=\"videoincontent\" style=\"clear:both\";><\/div><\/p>\n<p>(ITALPRESS).<\/p><\/div>\n","protected":false},"excerpt":{"rendered":"<p>ROMA (ITALPRESS) &#8211; &#8220;E&#8217; un cammino difficile venire come presidente tedesco in questo luogo dell&#8217;orrore e parlare a voi. Oggi sono qui davanti a voi come presidente federale tedesco e provo solo dolore e vergogna. Mi inchino dinnanzi ai morti. A nome del mio Paese oggi vi chiedo perdono&#8221;. Cos\u00ec il presidente tedesco Frank-Walter Steinmeier, [&hellip;]<\/p>\n","protected":false},"author":18,"featured_media":212761,"comment_status":"closed","ping_status":"closed","sticky":false,"template":"","format":"standard","meta":{"ub_ctt_via":"","_mi_skip_tracking":false},"categories":[446],"tags":[783],"featured_image_src":"https:\/\/www.messinaoggi.it\/website\/wp-content\/uploads\/2024\/09\/20240929_1350.jpg","author_info":{"display_name":"Admin","author_link":"https:\/\/www.messinaoggi.it\/website\/author\/admin\/"},"digistream_id":0,"digistream":false,"_links":{"self":[{"href":"https:\/\/www.messinaoggi.it\/website\/wp-json\/wp\/v2\/posts\/212760"}],"collection":[{"href":"https:\/\/www.messinaoggi.it\/website\/wp-json\/wp\/v2\/posts"}],"about":[{"href":"https:\/\/www.messinaoggi.it\/website\/wp-json\/wp\/v2\/types\/post"}],"author":[{"embeddable":true,"href":"https:\/\/www.messinaoggi.it\/website\/wp-json\/wp\/v2\/users\/18"}],"replies":[{"embeddable":true,"href":"https:\/\/www.messinaoggi.it\/website\/wp-json\/wp\/v2\/comments?post=212760"}],"version-history":[{"count":0,"href":"https:\/\/www.messinaoggi.it\/website\/wp-json\/wp\/v2\/posts\/212760\/revisions"}],"wp:featuredmedia":[{"embeddable":true,"href":"https:\/\/www.messinaoggi.it\/website\/wp-json\/wp\/v2\/media\/212761"}],"wp:attachment":[{"href":"https:\/\/www.messinaoggi.it\/website\/wp-json\/wp\/v2\/media?parent=212760"}],"wp:term":[{"taxonomy":"category","embeddable":true,"href":"https:\/\/www.messinaoggi.it\/website\/wp-json\/wp\/v2\/categories?post=212760"},{"taxonomy":"post_tag","embeddable":true,"href":"https:\/\/www.messinaoggi.it\/website\/wp-json\/wp\/v2\/tags?post=212760"}],"curies":[{"name":"wp","href":"https:\/\/api.w.org\/{rel}","templated":true}]}}