{"id":212744,"date":"2024-09-29T15:05:32","date_gmt":"2024-09-29T13:05:32","guid":{"rendered":"https:\/\/www.messinaoggi.it\/website\/2024\/09\/29\/papa-francesco-nella-chiesa-non-ce-posto-per-labuso\/"},"modified":"2024-09-29T15:05:32","modified_gmt":"2024-09-29T13:05:32","slug":"papa-francesco-nella-chiesa-non-ce-posto-per-labuso","status":"publish","type":"post","link":"https:\/\/www.messinaoggi.it\/website\/2024\/09\/29\/papa-francesco-nella-chiesa-non-ce-posto-per-labuso\/","title":{"rendered":"Papa Francesco \u201cNella Chiesa non c\u2019\u00e8 posto per l\u2019abuso\u201d"},"content":{"rendered":"<div>ROMA (ITALPRESS) &#8211; &#8220;Pensiamo a quello che accade quando i piccoli sono scandalizzati, colpiti, abusati da coloro che dovrebbero averne cura, alle ferite di dolore e di impotenza anzitutto nelle vittime, ma anche nei loro familiari e nella comunit\u00e0. Con la mente e con il cuore torno alle storie di alcuni di questi &#8216;piccol\u00ec che ho incontrato l&#8217;altro ieri. Li ho sentiti, ho sentito la loro sofferenza di abusati e lo ripeto qui: nella Chiesa c&#8217;\u00e8 posto per tutti, tutti, tutti ma tutti saremo giudicati e non c&#8217;\u00e8 posto per l&#8217;abuso, non c&#8217;\u00e8 posto per la copertura dell&#8217;abuso&#8221;. Cos\u00ec Papa Francesco nel corso dell&#8217;omelia durante la messa e la beatificazione di Anne De Jesus allo stadio Re Baldovino a Bruxelles. &#8220;Chiedo a tutti: non coprite gli abusi. Chiedo ai vescovi: non coprite gli abusi. Condannare gli abusatori e aiutarli a guarire da questa malattia dell&#8217;abuso. Il male non si nasconde: il male va portato allo scoperto, che si sappia, come hanno fatto alcuni abusati e con coraggio. Che si sappia. E che sia giudicato l&#8217;abusatore. Che sia giudicato l&#8217;abusatore, sia laica, laico, prete o vescovo: che sia giudicato&#8221;, conclude il Santo Padre.<br \/>\n(ITALPRESS).<br \/>\n-Foto: Agenzia Fotogramma-<\/div>\n<div id=\"div-gpt-ad-Messinaoggi.it-DSK-300x250-corpoart\" style=\"text-align:center;margin:0 auto;\"><\/div><\/p><div id=\"videoincontent\" style=\"clear:both\";><\/div>","protected":false},"excerpt":{"rendered":"<p>ROMA (ITALPRESS) &#8211; &#8220;Pensiamo a quello che accade quando i piccoli sono scandalizzati, colpiti, abusati da coloro che dovrebbero averne cura, alle ferite di dolore e di impotenza anzitutto nelle vittime, ma anche nei loro familiari e nella comunit\u00e0. Con la mente e con il cuore torno alle storie di alcuni di questi &#8216;piccol\u00ec che [&hellip;]<\/p>\n","protected":false},"author":18,"featured_media":212745,"comment_status":"closed","ping_status":"closed","sticky":false,"template":"","format":"standard","meta":{"ub_ctt_via":"","_mi_skip_tracking":false},"categories":[446],"tags":[783],"featured_image_src":"https:\/\/www.messinaoggi.it\/website\/wp-content\/uploads\/2024\/09\/20240929_0238.jpg","author_info":{"display_name":"Admin","author_link":"https:\/\/www.messinaoggi.it\/website\/author\/admin\/"},"digistream_id":0,"digistream":false,"_links":{"self":[{"href":"https:\/\/www.messinaoggi.it\/website\/wp-json\/wp\/v2\/posts\/212744"}],"collection":[{"href":"https:\/\/www.messinaoggi.it\/website\/wp-json\/wp\/v2\/posts"}],"about":[{"href":"https:\/\/www.messinaoggi.it\/website\/wp-json\/wp\/v2\/types\/post"}],"author":[{"embeddable":true,"href":"https:\/\/www.messinaoggi.it\/website\/wp-json\/wp\/v2\/users\/18"}],"replies":[{"embeddable":true,"href":"https:\/\/www.messinaoggi.it\/website\/wp-json\/wp\/v2\/comments?post=212744"}],"version-history":[{"count":0,"href":"https:\/\/www.messinaoggi.it\/website\/wp-json\/wp\/v2\/posts\/212744\/revisions"}],"wp:featuredmedia":[{"embeddable":true,"href":"https:\/\/www.messinaoggi.it\/website\/wp-json\/wp\/v2\/media\/212745"}],"wp:attachment":[{"href":"https:\/\/www.messinaoggi.it\/website\/wp-json\/wp\/v2\/media?parent=212744"}],"wp:term":[{"taxonomy":"category","embeddable":true,"href":"https:\/\/www.messinaoggi.it\/website\/wp-json\/wp\/v2\/categories?post=212744"},{"taxonomy":"post_tag","embeddable":true,"href":"https:\/\/www.messinaoggi.it\/website\/wp-json\/wp\/v2\/tags?post=212744"}],"curies":[{"name":"wp","href":"https:\/\/api.w.org\/{rel}","templated":true}]}}