{"id":212734,"date":"2024-09-29T11:05:30","date_gmt":"2024-09-29T09:05:30","guid":{"rendered":"https:\/\/www.messinaoggi.it\/website\/2024\/09\/29\/morto-glauco-mauri-protagonista-del-teatro-italiano\/"},"modified":"2024-09-29T11:05:30","modified_gmt":"2024-09-29T09:05:30","slug":"morto-glauco-mauri-protagonista-del-teatro-italiano","status":"publish","type":"post","link":"https:\/\/www.messinaoggi.it\/website\/2024\/09\/29\/morto-glauco-mauri-protagonista-del-teatro-italiano\/","title":{"rendered":"Morto Glauco Mauri, protagonista del teatro italiano"},"content":{"rendered":"<div>ROMA (ITALPRESS) &#8211; E&#8217; morto nella notte l&#8217;attore e regista teatrale Glauco Mauri, personaggio di spicco degli ultimi cinquant&#8217;anni del teatro italiano. Avrebbe compiuto 94 anni il 1\u00b0 ottobre. Sarebbe dovuto andare in scena al Vascello di Roma con lo spettacolo De Profundis, ma la rappresentazione era stata annullata per un malore accusato dell&#8217;attore.<br \/>\nNato a Pesaro il 1 ottobre del 1930, inizi i suoi studi come attore nel 1949 all&#8217;Accademia nazionale d&#8217;arte drammatica diretta da Silvio D&#8217;Amico. Tra le sue interpretazioni pi\u00f9 significative, spiccano quella di Smerdjakov ne &#8220;I fratelli Karamazov&#8221; di Dostoevskij, per la regia di Andr\u00e8 Barsacq, che gi\u00e0 nel 1954 gli d\u00e0 fama nazionale. Nel 1961 fonda con Valeria Moriconi, Franco Enriquez, Emanuele Luzzati (in seguito entrer\u00e0 a farne parte anche Mario Scaccia) la &#8220;Compagnia dei Quattro&#8221; che sar\u00e0 una formazione fondamentale per il teatro italiano. Nel 1972 Luca Ronconi lo dirige nello storico allestimento dell&#8217;Orestea di Eschilo nel quale Mauri \u00e8 protagonista. Nel 1981, con Roberto Sturno, fonda la Compagnia Mauri-Sturno con la quale propone un vasto repertorio di autori classici. Il signor Puntila e il suo servo Matti di Bertolt Brecht, da loro interpretato, con la regia di Egisto Marcucci, \u00e8 il primo spettacolo prodotto. In 40 anni di attivit\u00e0 la compagnia porta sulle scene alcuni degli spettacoli di maggior successo del teatro italiano, premiati numerose volte con il &#8220;Biglietto d&#8217;oro Agis&#8221;, e molteplici sono stati i premi assegnati a Glauco Mauri e Roberto Sturno per i loro meriti artistici. Come regista d&#8217;opera allestisce per due volte Macbeth di Giuseppe Verdi. Saltuariamente \u00e8 stato impegnato anche nel cinema, come in &#8220;La Cina \u00e8 vicina&#8221; di Marco Bellocchio, in &#8220;Profondo rosso&#8221; di Dario Argento, e nel ruolo del padre di Nanni Moretti in &#8220;Ecce bombo&#8221;. Il 22 settembre del 2023 era morto, all&#8217;et\u00e0 di 77 anni, Roberto Sturno legato da un lungo sodalizio artistico durato oltre 40 anni con Mauri.<br \/>\n(ITALPRESS).<br \/>\n-Foto: Agenzia Fotogramma-<\/div>\n<div id=\"div-gpt-ad-Messinaoggi.it-DSK-300x250-corpoart\" style=\"text-align:center;margin:0 auto;\"><\/div><\/p><div id=\"videoincontent\" style=\"clear:both\";><\/div>","protected":false},"excerpt":{"rendered":"<p>ROMA (ITALPRESS) &#8211; E&#8217; morto nella notte l&#8217;attore e regista teatrale Glauco Mauri, personaggio di spicco degli ultimi cinquant&#8217;anni del teatro italiano. Avrebbe compiuto 94 anni il 1\u00b0 ottobre. Sarebbe dovuto andare in scena al Vascello di Roma con lo spettacolo De Profundis, ma la rappresentazione era stata annullata per un malore accusato dell&#8217;attore. Nato [&hellip;]<\/p>\n","protected":false},"author":18,"featured_media":212735,"comment_status":"closed","ping_status":"closed","sticky":false,"template":"","format":"standard","meta":{"ub_ctt_via":"","_mi_skip_tracking":false},"categories":[446],"tags":[783],"featured_image_src":"https:\/\/www.messinaoggi.it\/website\/wp-content\/uploads\/2024\/09\/20240929_0104.jpg","author_info":{"display_name":"Admin","author_link":"https:\/\/www.messinaoggi.it\/website\/author\/admin\/"},"digistream_id":0,"digistream":false,"_links":{"self":[{"href":"https:\/\/www.messinaoggi.it\/website\/wp-json\/wp\/v2\/posts\/212734"}],"collection":[{"href":"https:\/\/www.messinaoggi.it\/website\/wp-json\/wp\/v2\/posts"}],"about":[{"href":"https:\/\/www.messinaoggi.it\/website\/wp-json\/wp\/v2\/types\/post"}],"author":[{"embeddable":true,"href":"https:\/\/www.messinaoggi.it\/website\/wp-json\/wp\/v2\/users\/18"}],"replies":[{"embeddable":true,"href":"https:\/\/www.messinaoggi.it\/website\/wp-json\/wp\/v2\/comments?post=212734"}],"version-history":[{"count":0,"href":"https:\/\/www.messinaoggi.it\/website\/wp-json\/wp\/v2\/posts\/212734\/revisions"}],"wp:featuredmedia":[{"embeddable":true,"href":"https:\/\/www.messinaoggi.it\/website\/wp-json\/wp\/v2\/media\/212735"}],"wp:attachment":[{"href":"https:\/\/www.messinaoggi.it\/website\/wp-json\/wp\/v2\/media?parent=212734"}],"wp:term":[{"taxonomy":"category","embeddable":true,"href":"https:\/\/www.messinaoggi.it\/website\/wp-json\/wp\/v2\/categories?post=212734"},{"taxonomy":"post_tag","embeddable":true,"href":"https:\/\/www.messinaoggi.it\/website\/wp-json\/wp\/v2\/tags?post=212734"}],"curies":[{"name":"wp","href":"https:\/\/api.w.org\/{rel}","templated":true}]}}