{"id":212716,"date":"2024-09-29T09:33:32","date_gmt":"2024-09-29T07:33:32","guid":{"rendered":"http:\/\/www.messinaoggi.it\/website\/?p=212716"},"modified":"2024-09-29T09:33:37","modified_gmt":"2024-09-29T07:33:37","slug":"bagarre-politica-carreri-spara-a-zero-contro-barbera","status":"publish","type":"post","link":"https:\/\/www.messinaoggi.it\/website\/2024\/09\/29\/bagarre-politica-carreri-spara-a-zero-contro-barbera\/","title":{"rendered":"Bagarre politica, Carreri spara a zero contro Barbera"},"content":{"rendered":"\n<p>\u201c<em>Ci chiediamo dove viva Antonio Barbera, in Sicilia o in un\u2019altra regione? Dalle questioni che pone pare infatti non aver seguito non solo le cronache locali che gli avrebbero offerto un quadro quanto pi\u00f9 chiaro possibile sulla situazione idrica nella citt\u00e0 di Messina pi\u00f9 volte sviscerata numeri alla mano sia dal Sindaco Federico Basile che dai vertici Amam, ma addirittura Barbera sembra non aver contezza della grave condizione di crisi idrica che sta colpendo l\u2019intera regione. Crisi idrica che, condizioni climatiche a parte, trova i suoi maggiori responsabili proprio nel governo di centrodestra di cui \u00e8 rappresentante cittadino Barbera. Gli ricordiamo il ridicolo e patetico scambio di accuse tra il governatore siciliano, Renato Schifani, e l\u2019ex presidente della Regione \u2013 oggi ministro per la Protezione civile \u2013 Nello Musumeci.\u00a0Con quest\u2019ultimo che ha accusato Schifani di non usare le risorse per fronteggiare la crisi e Schifani che rilancia affermando di aver trovato una situazione disastrosa.Entrambi lo ricordiamo sono esponenti di Forza Italia<\/em>&#8220;.<div id=\"div-gpt-ad-Messinaoggi.it-DSK-300x250-corpoart\" style=\"text-align:center;margin:0 auto;\"><\/div><\/p>\n\n\n\n<p>Lo afferma il coordinatore cittadino di Sud chiama Nord, Nino Carreri.<div id=\"videoincontent\" style=\"clear:both\";><\/div><\/p>\n\n\n\n<p>Poi aggiunge:\u00a0&#8220;<em>Adesso \u00e8 chiaro che il continuo attacco all\u2019amministrazione Basile e ai vertici Amam ha il sapore amaro della vecchia politica, quella che qualcuno vorrebbe restaurare a Messina. La stessa politica\u00a0 \u00a0che ha la responsabilit\u00e0 dello stato disastroso in cui nel 2018 Cateno De Luca ha trovato non solo Amam, ma tutte le partecipate.Evidentemente dopo l\u2019opera di risanamento avviato da Cateno De Luca e portato avanti oggi dal sindaco Federico Basile, qualcuno vorrebbe mettere nuovamente le mani sulle partecipate!\u00a0<\/em>&#8220;.<\/p>\n","protected":false},"excerpt":{"rendered":"<p>\u201cCi chiediamo dove viva Antonio Barbera, in Sicilia o in un\u2019altra regione? Dalle questioni che pone pare infatti non aver seguito non solo le cronache locali che gli avrebbero offerto un quadro quanto pi\u00f9 chiaro possibile sulla situazione idrica nella citt\u00e0 di Messina pi\u00f9 volte sviscerata numeri alla mano sia dal Sindaco Federico Basile che [&hellip;]<\/p>\n","protected":false},"author":2,"featured_media":1641,"comment_status":"open","ping_status":"open","sticky":false,"template":"","format":"standard","meta":{"ub_ctt_via":"","_mi_skip_tracking":false},"categories":[6],"tags":[4491,9568,5307],"featured_image_src":"https:\/\/www.messinaoggi.it\/website\/wp-content\/uploads\/2017\/06\/Carreri-Nino-aula-3.jpg","author_info":{"display_name":"Redazione","author_link":"https:\/\/www.messinaoggi.it\/website\/author\/redazione\/"},"digistream_id":0,"digistream":false,"_links":{"self":[{"href":"https:\/\/www.messinaoggi.it\/website\/wp-json\/wp\/v2\/posts\/212716"}],"collection":[{"href":"https:\/\/www.messinaoggi.it\/website\/wp-json\/wp\/v2\/posts"}],"about":[{"href":"https:\/\/www.messinaoggi.it\/website\/wp-json\/wp\/v2\/types\/post"}],"author":[{"embeddable":true,"href":"https:\/\/www.messinaoggi.it\/website\/wp-json\/wp\/v2\/users\/2"}],"replies":[{"embeddable":true,"href":"https:\/\/www.messinaoggi.it\/website\/wp-json\/wp\/v2\/comments?post=212716"}],"version-history":[{"count":1,"href":"https:\/\/www.messinaoggi.it\/website\/wp-json\/wp\/v2\/posts\/212716\/revisions"}],"predecessor-version":[{"id":212717,"href":"https:\/\/www.messinaoggi.it\/website\/wp-json\/wp\/v2\/posts\/212716\/revisions\/212717"}],"wp:featuredmedia":[{"embeddable":true,"href":"https:\/\/www.messinaoggi.it\/website\/wp-json\/wp\/v2\/media\/1641"}],"wp:attachment":[{"href":"https:\/\/www.messinaoggi.it\/website\/wp-json\/wp\/v2\/media?parent=212716"}],"wp:term":[{"taxonomy":"category","embeddable":true,"href":"https:\/\/www.messinaoggi.it\/website\/wp-json\/wp\/v2\/categories?post=212716"},{"taxonomy":"post_tag","embeddable":true,"href":"https:\/\/www.messinaoggi.it\/website\/wp-json\/wp\/v2\/tags?post=212716"}],"curies":[{"name":"wp","href":"https:\/\/api.w.org\/{rel}","templated":true}]}}