{"id":212677,"date":"2024-09-28T15:05:36","date_gmt":"2024-09-28T13:05:36","guid":{"rendered":"https:\/\/www.messinaoggi.it\/website\/2024\/09\/28\/meloni-nel-2024-il-sud-locomotiva-economica-ditalia\/"},"modified":"2024-09-28T15:05:36","modified_gmt":"2024-09-28T13:05:36","slug":"meloni-nel-2024-il-sud-locomotiva-economica-ditalia","status":"publish","type":"post","link":"https:\/\/www.messinaoggi.it\/website\/2024\/09\/28\/meloni-nel-2024-il-sud-locomotiva-economica-ditalia\/","title":{"rendered":"Meloni \u201cNel 2024 il Sud locomotiva economica d\u2019Italia\u201d"},"content":{"rendered":"<div>BARI (ITALPRESS) &#8211; &#8220;Nel 2023 il Pil del Sud \u00e8 cresciuto pi\u00f9 della media nazionale. L&#8217;occupazione \u00e8 aumentata in misura maggiore rispetto al resto d&#8217;Italia, gli investimenti (che sono la cosa pi\u00f9 importante) sono saliti del 50% e il Mezzogiorno ha dato una spinta decisiva alle esportazioni, permettendo cos\u00ec all&#8217;Italia di piazzarsi al quarto posto della classifica mondiale dell&#8217;export, scavalcando prima la Corea del Sud e poi il Giappone. Quest&#8217;anno il Sud \u00e8 stato di fatto la locomotiva economica dell&#8217;Italia, invece di essere quello che abbiamo visto negli anni passati, quando si ritrovava quasi sempre ad essere il fanalino di coda. Abbiamo voluto tracciare una direzione nuova, chiara e intendiamo seguirla. Cio\u00e8, dare alle imprese e ai cittadini del Mezzogiorno la possibilit\u00e0 concreta di dimostrare il proprio valore&#8221;. Lo ha affermato il presidente del Consiglio Giorgia Meloni in un videomessaggio nel corso dell&#8217;inaugurazione dell&#8217;87esima Campionaria Generale Internazionale della Fiera del Levante di Bari.<br \/>\n&#8220;Abbiamo riformato &#8211; ha aggiunto &#8211; le politiche di coesione, per spendere meglio e pi\u00f9 velocemente risorse che sono molto preziose e fare in modo che quelle risorse siano effettivamente impiegate per ridurre le disparit\u00e0 tra i territori e per interventi strategici. Abbiamo introdotto gli Accordi di Coesione. Ne abbiamo sottoscritti ormai 19 con le Regioni e le Province autonome, mettendo finora a disposizione oltre 35 miliardi di euro e adesso ci apprestiamo a concludere questo percorso, proprio con la Regione Puglia. Abbiamo voluto la nascita del Fondo perequativo infrastrutturale, con l&#8217;obbligo di destinare alle regioni del Sud almeno il 40% dei fondi pluriennali per gli investimenti. E poi la ZES unica del Mezzogiorno, che questo Governo ha voluto con forza, dialogando con una negoziazione complessa della Commissione europea, \u00e8 un altro mattone di questa strategia&#8221;.<div id=\"div-gpt-ad-Messinaoggi.it-DSK-300x250-corpoart\" style=\"text-align:center;margin:0 auto;\"><\/div><\/p>\n<p>&#8211; foto: Agenzia Fotogramma &#8211;<br \/>\n(ITALPRESS).<div id=\"videoincontent\" style=\"clear:both\";><\/div><\/p><\/div>\n","protected":false},"excerpt":{"rendered":"<p>BARI (ITALPRESS) &#8211; &#8220;Nel 2023 il Pil del Sud \u00e8 cresciuto pi\u00f9 della media nazionale. L&#8217;occupazione \u00e8 aumentata in misura maggiore rispetto al resto d&#8217;Italia, gli investimenti (che sono la cosa pi\u00f9 importante) sono saliti del 50% e il Mezzogiorno ha dato una spinta decisiva alle esportazioni, permettendo cos\u00ec all&#8217;Italia di piazzarsi al quarto posto [&hellip;]<\/p>\n","protected":false},"author":18,"featured_media":212678,"comment_status":"closed","ping_status":"closed","sticky":false,"template":"","format":"standard","meta":{"ub_ctt_via":"","_mi_skip_tracking":false},"categories":[446],"tags":[783],"featured_image_src":"https:\/\/www.messinaoggi.it\/website\/wp-content\/uploads\/2024\/09\/20240928_0753.jpg","author_info":{"display_name":"Admin","author_link":"https:\/\/www.messinaoggi.it\/website\/author\/admin\/"},"digistream_id":0,"digistream":false,"_links":{"self":[{"href":"https:\/\/www.messinaoggi.it\/website\/wp-json\/wp\/v2\/posts\/212677"}],"collection":[{"href":"https:\/\/www.messinaoggi.it\/website\/wp-json\/wp\/v2\/posts"}],"about":[{"href":"https:\/\/www.messinaoggi.it\/website\/wp-json\/wp\/v2\/types\/post"}],"author":[{"embeddable":true,"href":"https:\/\/www.messinaoggi.it\/website\/wp-json\/wp\/v2\/users\/18"}],"replies":[{"embeddable":true,"href":"https:\/\/www.messinaoggi.it\/website\/wp-json\/wp\/v2\/comments?post=212677"}],"version-history":[{"count":0,"href":"https:\/\/www.messinaoggi.it\/website\/wp-json\/wp\/v2\/posts\/212677\/revisions"}],"wp:featuredmedia":[{"embeddable":true,"href":"https:\/\/www.messinaoggi.it\/website\/wp-json\/wp\/v2\/media\/212678"}],"wp:attachment":[{"href":"https:\/\/www.messinaoggi.it\/website\/wp-json\/wp\/v2\/media?parent=212677"}],"wp:term":[{"taxonomy":"category","embeddable":true,"href":"https:\/\/www.messinaoggi.it\/website\/wp-json\/wp\/v2\/categories?post=212677"},{"taxonomy":"post_tag","embeddable":true,"href":"https:\/\/www.messinaoggi.it\/website\/wp-json\/wp\/v2\/tags?post=212677"}],"curies":[{"name":"wp","href":"https:\/\/api.w.org\/{rel}","templated":true}]}}