{"id":21260,"date":"2018-06-28T17:16:07","date_gmt":"2018-06-28T15:16:07","guid":{"rendered":"http:\/\/www.messinaoggi.it\/website\/?p=21260"},"modified":"2018-06-28T17:16:07","modified_gmt":"2018-06-28T15:16:07","slug":"privatizzazione-messina-servizi-lassessore-musolino-assicura-nessun-posto-di-lavoro-a-rischio","status":"publish","type":"post","link":"https:\/\/www.messinaoggi.it\/website\/2018\/06\/28\/privatizzazione-messina-servizi-lassessore-musolino-assicura-nessun-posto-di-lavoro-a-rischio\/","title":{"rendered":"Privatizzazione Messina Servizi, l&#039;assessore Musolino assicura: &quot;Nessun posto di lavoro a rischio&quot;"},"content":{"rendered":"<p style=\"text-align: justify\">Nessun licenziamento, solo razionalizzazione delle risorse e maggiori garanzie per il servizio. L\u2019assessore all\u2019Ambiente, Dafne Musolino, dirada le nubi che si erano create dopo l\u2019intenzione annunciata dall\u2019amministrazione di privatizzare il servizio di raccolta e gestione dei rifiuti: \u201cNon ci sar\u00e0 in nessun caso alcun licenziamento del personale della MessinaServizi, poich\u00e9 ci stiamo accingendo soltanto ad effettuare una riorganizzazione del lavoro dei dipendenti al fine di rendere i servizi pi\u00f9 efficienti, valorizzando le risorse umane. Chiarito dunque che il personale in servizio non andrebbe incontro ad alcun rischio occupazionale, l\u2019impegno dell\u2019Amministrazione De Luca \u00e8 volto esclusivamente a raggiungere gli obiettivi gi\u00e0 indicati nel programma elettorale: 1) eliminazione degli sperperi dovuti alla sovrapposizione di Enti e societ\u00e0 deputati alla gestione dei servizi. 2) raggiungimento della quota del 65 per cento di raccolta differenziata. 3) gestione del personale, attraverso la SRR. 4) l\u2019attivazione del servizio che a regime garantir\u00e0 la raccolta dei rifiuti porta a porta in tutti i quartieri con l\u2019individuazione puntuale dell\u2019utenza e della quantit\u00e0 di rifiuto conferito ed attivazione dei centri comunali di raccolta (CCR), divisi per quartieri, in cui ogni utente potr\u00e0 conferire, in modo differenziato, i propri rifiuti distinguendo anche orari e modalit\u00e0 di conferimento per rifiuti ingombranti e rifiuti urbani pericolosi. 5) in questa nuova fase di gestione dei rifiuti che l\u2019Amministrazione De Luca intende realizzare grande rilievo avr\u00e0 la partecipazione dei cittadini anche mediante la formazione e l\u2019istituzione degli ispettori ambientali comunali, che si occuperanno di vigilare e migliorare il servizio. 6) Introduzione di meccanismi premiali per cui pi\u00f9 il cittadino differenzia, meno paga e in pi\u00f9 ottiene promozioni con gli operatori commerciali che aderiranno alle iniziative del Comune. Desidero stigmatizzare infine l\u2019allarme sociale diffuso in questi giorni ad opera di chi tenta a posteriori di legittimare le sue scelte e rammento che l\u2019Amministrazione comunale non ha mai inteso fare macelleria sociale, avendo sempre avuto piena considerazione dei diritti dei lavoratori e dei cittadini\u201d.<div id=\"div-gpt-ad-Messinaoggi.it-DSK-300x250-corpoart\" style=\"text-align:center;margin:0 auto;\"><\/div><\/p>\n<p> <div id=\"videoincontent\" style=\"clear:both\";><\/div><\/p>\n","protected":false},"excerpt":{"rendered":"<p>Nessun licenziamento, solo razionalizzazione delle risorse e maggiori garanzie per il servizio. L\u2019assessore all\u2019Ambiente, Dafne Musolino, dirada le nubi che si erano create dopo l\u2019intenzione annunciata dall\u2019amministrazione di privatizzare il servizio di raccolta e gestione dei rifiuti: \u201cNon ci sar\u00e0 in nessun caso alcun licenziamento del personale della MessinaServizi, poich\u00e9 ci stiamo accingendo soltanto ad [&hellip;]<\/p>\n","protected":false},"author":14,"featured_media":18009,"comment_status":"closed","ping_status":"open","sticky":false,"template":"","format":"standard","meta":{"ub_ctt_via":"","_mi_skip_tracking":false},"categories":[6],"tags":[],"featured_image_src":"https:\/\/www.messinaoggi.it\/website\/wp-content\/uploads\/2018\/04\/Cateno-De-Luca-con-assessori-designati-Musolino-e-Mondello-messinaoggi-1.jpg","author_info":{"display_name":"Antonio Macauda","author_link":"https:\/\/www.messinaoggi.it\/website\/author\/a-macauda\/"},"digistream_id":0,"digistream":false,"_links":{"self":[{"href":"https:\/\/www.messinaoggi.it\/website\/wp-json\/wp\/v2\/posts\/21260"}],"collection":[{"href":"https:\/\/www.messinaoggi.it\/website\/wp-json\/wp\/v2\/posts"}],"about":[{"href":"https:\/\/www.messinaoggi.it\/website\/wp-json\/wp\/v2\/types\/post"}],"author":[{"embeddable":true,"href":"https:\/\/www.messinaoggi.it\/website\/wp-json\/wp\/v2\/users\/14"}],"replies":[{"embeddable":true,"href":"https:\/\/www.messinaoggi.it\/website\/wp-json\/wp\/v2\/comments?post=21260"}],"version-history":[{"count":0,"href":"https:\/\/www.messinaoggi.it\/website\/wp-json\/wp\/v2\/posts\/21260\/revisions"}],"wp:featuredmedia":[{"embeddable":true,"href":"https:\/\/www.messinaoggi.it\/website\/wp-json\/wp\/v2\/media\/18009"}],"wp:attachment":[{"href":"https:\/\/www.messinaoggi.it\/website\/wp-json\/wp\/v2\/media?parent=21260"}],"wp:term":[{"taxonomy":"category","embeddable":true,"href":"https:\/\/www.messinaoggi.it\/website\/wp-json\/wp\/v2\/categories?post=21260"},{"taxonomy":"post_tag","embeddable":true,"href":"https:\/\/www.messinaoggi.it\/website\/wp-json\/wp\/v2\/tags?post=21260"}],"curies":[{"name":"wp","href":"https:\/\/api.w.org\/{rel}","templated":true}]}}