{"id":21259,"date":"2018-06-28T15:52:08","date_gmt":"2018-06-28T13:52:08","guid":{"rendered":"http:\/\/www.messinaoggi.it\/website\/?p=21259"},"modified":"2018-06-28T15:52:08","modified_gmt":"2018-06-28T13:52:08","slug":"consiglio-comunale-si-inizia-a-pensare-alla-presidenza","status":"publish","type":"post","link":"https:\/\/www.messinaoggi.it\/website\/2018\/06\/28\/consiglio-comunale-si-inizia-a-pensare-alla-presidenza\/","title":{"rendered":"Consiglio Comunale, si inizia a pensare alla presidenza"},"content":{"rendered":"<p style=\"text-align: justify\">Il primo passo ufficiale \u00e8 stato fatto, ieri i trentadue consiglieri eletti sono stati ufficialmente letti, anzi, trentuno, visto che con ogni probabilit\u00e0 Dino Bramanti salter\u00e0 questo giro e ancora \u00e8 da capire chi prender\u00e0 il suo posto. Adesso toccher\u00e0 aspettare un minimo di dieci fino un massimo di quindici giorni per l\u2019insediamento del nuovo Consiglio, successivamente l\u2019organo riprender\u00e0 a muoversi dopo lo stop imposto dalle recenti scadenze elettorali. Si riformeranno le commissioni, ma prima ancora si dovranno stabilire gli equilibri d\u2019aula.<div id=\"div-gpt-ad-Messinaoggi.it-DSK-300x250-corpoart\" style=\"text-align:center;margin:0 auto;\"><\/div><\/p>\n<p style=\"text-align: justify\">Ogni riferimento porta all\u2019invito lanciato dal sindaco Cateno De Luca ad ogni singolo consigliere, di far parte attivamente di questa avventura amministrativa. L\u2019intento del primo cittadino \u00e8 chiaro, quello di creare una maggioranza stabile che possa far passare gli atti, visto che nessuno dei consiglieri \u00e8 ufficialmente dalla parte dell\u2019amministrazione. Ad essere allettato dalla tale prospettiva potrebbe essere il centrosinistra che per\u00f2 ha fatto sapere che ogni azione dovr\u00e0 essere frutto di una sinergia della coalizione.<div id=\"videoincontent\" style=\"clear:both\";><\/div><\/p>\n<p style=\"text-align: justify\">Questo proposito, per\u00f2, per\u00f2 potrebbe gi\u00e0 essere messo in discussione, perch\u00e9 probabilmente la riunione tra Partito Democratico e Libera Me in cui si decideranno le strategie future, potrebbe non prevedere la presenza di Sicilia Futura, che si confermerebbe il <em>\u201cbattitore libero\u201d<\/em> del centrosinistra.<\/p>\n<p style=\"text-align: justify\">Intanto sono iniziati i confronti per decidere quali nomi mettere sul tavolo per la presidenza dell\u2019aula, figura a cui ambisce il Partito Democratico, ma soprattutto l\u2019area Navarra. Il nome pi\u00f9 autorevole sarebbe quello di Felice Calabr\u00f2, che raccoglierebbe consensi trasversali, anche tra i banchi del centrodestra. Rientrato in Consiglio da cui mancava dal 2013, Calabr\u00f2 \u00e8 considerato una figura di spessore, personaggio dotato di autorevolezza e che conosce le dinamiche d\u2019aula.<\/p>\n<p style=\"text-align: justify\">Le alternative potrebbero essere quelle di Antonella Russo, che per\u00f2 potrebbe essere nominata capogruppo, e Biagio Bonfiglio, in quota Libera Me, mentre Sicilia Futura potrebbe proporre il nome di Nino Interdonato, gi\u00e0 vicepresidente di Emilia Barrile. Una vicepresidenza potrebbe toccare al Movimento 5 Stelle, mentre al momento per il centrodestra l\u2019unico nome fattibile potrebbe essere quello di Benedetto Vaccarino.<\/p>\n","protected":false},"excerpt":{"rendered":"<p>Il primo passo ufficiale \u00e8 stato fatto, ieri i trentadue consiglieri eletti sono stati ufficialmente letti, anzi, trentuno, visto che con ogni probabilit\u00e0 Dino Bramanti salter\u00e0 questo giro e ancora \u00e8 da capire chi prender\u00e0 il suo posto. Adesso toccher\u00e0 aspettare un minimo di dieci fino un massimo di quindici giorni per l\u2019insediamento del nuovo [&hellip;]<\/p>\n","protected":false},"author":14,"featured_media":14660,"comment_status":"closed","ping_status":"open","sticky":false,"template":"","format":"standard","meta":{"ub_ctt_via":"","_mi_skip_tracking":false},"categories":[6],"tags":[],"featured_image_src":"https:\/\/www.messinaoggi.it\/website\/wp-content\/uploads\/2018\/01\/consiglio-comunale-su-isola-RRP_1294-1.jpg","author_info":{"display_name":"Antonio Macauda","author_link":"https:\/\/www.messinaoggi.it\/website\/author\/a-macauda\/"},"digistream_id":0,"digistream":false,"_links":{"self":[{"href":"https:\/\/www.messinaoggi.it\/website\/wp-json\/wp\/v2\/posts\/21259"}],"collection":[{"href":"https:\/\/www.messinaoggi.it\/website\/wp-json\/wp\/v2\/posts"}],"about":[{"href":"https:\/\/www.messinaoggi.it\/website\/wp-json\/wp\/v2\/types\/post"}],"author":[{"embeddable":true,"href":"https:\/\/www.messinaoggi.it\/website\/wp-json\/wp\/v2\/users\/14"}],"replies":[{"embeddable":true,"href":"https:\/\/www.messinaoggi.it\/website\/wp-json\/wp\/v2\/comments?post=21259"}],"version-history":[{"count":0,"href":"https:\/\/www.messinaoggi.it\/website\/wp-json\/wp\/v2\/posts\/21259\/revisions"}],"wp:featuredmedia":[{"embeddable":true,"href":"https:\/\/www.messinaoggi.it\/website\/wp-json\/wp\/v2\/media\/14660"}],"wp:attachment":[{"href":"https:\/\/www.messinaoggi.it\/website\/wp-json\/wp\/v2\/media?parent=21259"}],"wp:term":[{"taxonomy":"category","embeddable":true,"href":"https:\/\/www.messinaoggi.it\/website\/wp-json\/wp\/v2\/categories?post=21259"},{"taxonomy":"post_tag","embeddable":true,"href":"https:\/\/www.messinaoggi.it\/website\/wp-json\/wp\/v2\/tags?post=21259"}],"curies":[{"name":"wp","href":"https:\/\/api.w.org\/{rel}","templated":true}]}}