{"id":212520,"date":"2024-09-27T13:01:57","date_gmt":"2024-09-27T11:01:57","guid":{"rendered":"http:\/\/www.messinaoggi.it\/website\/?p=212520"},"modified":"2024-09-27T13:01:58","modified_gmt":"2024-09-27T11:01:58","slug":"convenzione-asp-fondazione-giglio-uil-e-privatizzazione","status":"publish","type":"post","link":"https:\/\/www.messinaoggi.it\/website\/2024\/09\/27\/convenzione-asp-fondazione-giglio-uil-e-privatizzazione\/","title":{"rendered":"Convenzione Asp &#8211; Fondazione Giglio, Uil: &#8220;\u00c8 privatizzazione&#8221;"},"content":{"rendered":"\n<p>Dopo il recente accordo tra Asp e Fondazione Giglio di Cefal\u00f9, la Uil Messina torna ancora una volta ad attenzionare il rischio temuto di privatizzazione della sanit\u00e0 pubblica in Sicilia. <div id=\"div-gpt-ad-Messinaoggi.it-DSK-300x250-corpoart\" style=\"text-align:center;margin:0 auto;\"><\/div><\/p>\n\n\n\n<p>\u201cCon l\u2019affidamento di alcune attivit\u00e0 specialistiche degli ospedali di Sant\u2019Agata di Militello e di Mistretta a seguito della convenzione recentemente stipulata tra l\u2019Asp di Messina e la Fondazione Giglio, si sta realizzando il nefasto disegno del Presidente della regione Schifani che punta alla privatizzazione della sanit\u00e0 pubblica siciliana. Questa scellerata scelta, fortemente disegnata e voluta da \u201cmenti raffinatissime\u201d, taglier\u00e0 ingenti risorse al servizio sanitario regionale per dirottarle verso la sanit\u00e0 privata. Tutto ci\u00f2 sta avvenendo con l\u2019unanime ed assordante silenzio di tutta la politica regionale che tace senza pudore. Al netto della nostra ferma opposizione riguardo una procedura che evidenzia il disegno di smantellare la gi\u00e0 disastrata sanit\u00e0 pubblica, ci chiediamo quanto sar\u00e0, in tutta questa operazione \u201cfinanziaria\u201d, il guadagno della Fondazione Giglio? Infatti, appare inspiegabile che inizialmente, con la prima convenzione, la Fondazione Giglio percepiva il 95% delle tariffe per ogni singola prestazione sanitaria e, successivamente, dopo le aspre battaglie portate avanti dalla Uil, tale appannaggio si \u00e8 ridotto prima al 90% e successivamente al 70% o al massimo al 75%, qualora le prestazioni dovessero utilizzare le protesi. Pertanto, a nostro avviso, la convenzione stipulata tra l\u2019Asp di Messina e la Fondazione Giglio dovr\u00e0 essere attenzionata dalla Corte dei conti alla quale invieremo un dettagliato esposto-denuncia\u201d hanno dichiarato <strong>Ivan Tripodi<\/strong>, segretario generale Uil Messina, <strong>Livio Andronico<\/strong>, segretario generale Uil Fpl Messina, e <strong>Giuseppe Calapai<\/strong>, segretario generale Uil Pensionati. <div id=\"videoincontent\" style=\"clear:both\";><\/div><\/p>\n\n\n\n<p>\u201cLa fotografia che esce da questa brutta vicenda nei confronti della quale proseguiremo con la nostra ferma azione di lotta sindacale \u00e8 la seguente: da un lato si arricchiscono i privati, mentre dall\u2019altro lato si costringono i cittadini utenti a lunghe liste di attesa per l\u2019assistenza specialistica e diagnostica, si chiudono i reparti fondamentali per la salute dei cittadini che, tra l\u2019altro, sono previsti dalla rete ospedaliera. O ancora, non si aprono, per esempio, i pronto soccorso negli ospedali, nonostante i numerosi impegni formali pubblicamente assunti, oppure, a causa di una dissennata politica sanitaria regionale, gli ospedali della nostra provincia sono sguarniti di moltissimi medici e personale sanitario. Il quadro \u00e8 decisamente fosco e fortemente preoccupante poich\u00e9 l\u2019odierno sfascio della sanit\u00e0 \u00e8 soltanto l\u2019antipasto di quanto accadr\u00e0 nel momento in cui si dovesse tragicamente concretizzare la legge Calderoli o, per meglio dire, l\u2019autonomia differenziata: E\u2019 indispensabile proseguire in una forte battaglia di difesa della sanit\u00e0 pubblica al servizio della collettivit\u00e0\u201c hanno cos\u00ec concluso Ivan Tripodi, Livio Andronico e Giuseppe Calapai. <\/p>\n","protected":false},"excerpt":{"rendered":"<p>Dopo il recente accordo tra Asp e Fondazione Giglio di Cefal\u00f9, la Uil Messina torna ancora una volta ad attenzionare il rischio temuto di privatizzazione della sanit\u00e0 pubblica in Sicilia. \u201cCon l\u2019affidamento di alcune attivit\u00e0 specialistiche degli ospedali di Sant\u2019Agata di Militello e di Mistretta a seguito della convenzione recentemente stipulata tra l\u2019Asp di Messina [&hellip;]<\/p>\n","protected":false},"author":15,"featured_media":143494,"comment_status":"open","ping_status":"open","sticky":false,"template":"","format":"standard","meta":{"ub_ctt_via":"","_mi_skip_tracking":false},"categories":[1],"tags":[40,3585,3555,6870,1338],"featured_image_src":"https:\/\/www.messinaoggi.it\/website\/wp-content\/uploads\/2023\/02\/Ospedale-SanAgata.png","author_info":{"display_name":"red.me","author_link":"https:\/\/www.messinaoggi.it\/website\/author\/red-me\/"},"digistream_id":0,"digistream":false,"_links":{"self":[{"href":"https:\/\/www.messinaoggi.it\/website\/wp-json\/wp\/v2\/posts\/212520"}],"collection":[{"href":"https:\/\/www.messinaoggi.it\/website\/wp-json\/wp\/v2\/posts"}],"about":[{"href":"https:\/\/www.messinaoggi.it\/website\/wp-json\/wp\/v2\/types\/post"}],"author":[{"embeddable":true,"href":"https:\/\/www.messinaoggi.it\/website\/wp-json\/wp\/v2\/users\/15"}],"replies":[{"embeddable":true,"href":"https:\/\/www.messinaoggi.it\/website\/wp-json\/wp\/v2\/comments?post=212520"}],"version-history":[{"count":6,"href":"https:\/\/www.messinaoggi.it\/website\/wp-json\/wp\/v2\/posts\/212520\/revisions"}],"predecessor-version":[{"id":212526,"href":"https:\/\/www.messinaoggi.it\/website\/wp-json\/wp\/v2\/posts\/212520\/revisions\/212526"}],"wp:featuredmedia":[{"embeddable":true,"href":"https:\/\/www.messinaoggi.it\/website\/wp-json\/wp\/v2\/media\/143494"}],"wp:attachment":[{"href":"https:\/\/www.messinaoggi.it\/website\/wp-json\/wp\/v2\/media?parent=212520"}],"wp:term":[{"taxonomy":"category","embeddable":true,"href":"https:\/\/www.messinaoggi.it\/website\/wp-json\/wp\/v2\/categories?post=212520"},{"taxonomy":"post_tag","embeddable":true,"href":"https:\/\/www.messinaoggi.it\/website\/wp-json\/wp\/v2\/tags?post=212520"}],"curies":[{"name":"wp","href":"https:\/\/api.w.org\/{rel}","templated":true}]}}