{"id":21240,"date":"2018-06-27T18:51:28","date_gmt":"2018-06-27T16:51:28","guid":{"rendered":"http:\/\/www.messinaoggi.it\/website\/?p=21240"},"modified":"2018-06-27T18:51:28","modified_gmt":"2018-06-27T16:51:28","slug":"prima-riunione-con-il-gruppo-di-lavoro-del-masterplan-per-de-luca","status":"publish","type":"post","link":"https:\/\/www.messinaoggi.it\/website\/2018\/06\/27\/prima-riunione-con-il-gruppo-di-lavoro-del-masterplan-per-de-luca\/","title":{"rendered":"Prima riunione con il gruppo di lavoro del Masterplan per De Luca"},"content":{"rendered":"<p style=\"text-align: justify\">Come promesso il neo sindaco Cateno De Luca non \u00e8 rimasto con le mani in mano fin dalle primissime battute anche per quanto riguarda la pi\u00f9 vasta dimensione della citt\u00e0 metropolitana. In particolare nel pomeriggio di oggi ha riunito il Gruppo di lavoro del Masterplan (Patto per Messina), composto dai Dirigenti Cappadonia e Roccaforte, dall\u2019architetto Roberto Siracusano e da tutti gli altri componenti dello staff operativo. Hanno partecipato, inoltre, all\u2019incontro il vicesindaco Salvatore Mondello insieme agli Assessori Carlotta Previti, Pippo Scattareggia, Enzo Roberto Trimarchi e Dafne Musolino,<div id=\"div-gpt-ad-Messinaoggi.it-DSK-300x250-corpoart\" style=\"text-align:center;margin:0 auto;\"><\/div><\/p>\n<p style=\"text-align: justify\">L\u2019importante riunione \u00e8 servita per fornire un quadro generale della situazione, cos\u00ec da potere\u00a0 valutare lo stato di\u00a0 attuazione di tutti gli interventi e il\u00a0 relativo cronoprogramma.<br \/>\nIl primo cittadino, a conclusione dell\u2019incontro, ha convocato per\u00a0 venerd\u00ec 29 giugno, subito dopo la cerimonia di passaggio delle consegne, un tavolo tecnico al quale \u00e8 stato invitato il Direttore generale del CAS, Leonardo Santoro, per affrontare le problematiche relative alla realizzazione degli svincoli autostradali previsti nel Patto per Messina.<div id=\"videoincontent\" style=\"clear:both\";><\/div><\/p>\n","protected":false},"excerpt":{"rendered":"<p>Come promesso il neo sindaco Cateno De Luca non \u00e8 rimasto con le mani in mano fin dalle primissime battute anche per quanto riguarda la pi\u00f9 vasta dimensione della citt\u00e0 metropolitana. In particolare nel pomeriggio di oggi ha riunito il Gruppo di lavoro del Masterplan (Patto per Messina), composto dai Dirigenti Cappadonia e Roccaforte, dall\u2019architetto [&hellip;]<\/p>\n","protected":false},"author":6,"featured_media":21108,"comment_status":"closed","ping_status":"open","sticky":false,"template":"","format":"standard","meta":{"ub_ctt_via":"","_mi_skip_tracking":false},"categories":[4],"tags":[],"featured_image_src":"https:\/\/www.messinaoggi.it\/website\/wp-content\/uploads\/2018\/06\/IMG-20180625-WA0044-1.jpg","author_info":{"display_name":"Redazione MessinaOggi.it","author_link":"https:\/\/www.messinaoggi.it\/website\/author\/p-vinci\/"},"digistream_id":0,"digistream":false,"_links":{"self":[{"href":"https:\/\/www.messinaoggi.it\/website\/wp-json\/wp\/v2\/posts\/21240"}],"collection":[{"href":"https:\/\/www.messinaoggi.it\/website\/wp-json\/wp\/v2\/posts"}],"about":[{"href":"https:\/\/www.messinaoggi.it\/website\/wp-json\/wp\/v2\/types\/post"}],"author":[{"embeddable":true,"href":"https:\/\/www.messinaoggi.it\/website\/wp-json\/wp\/v2\/users\/6"}],"replies":[{"embeddable":true,"href":"https:\/\/www.messinaoggi.it\/website\/wp-json\/wp\/v2\/comments?post=21240"}],"version-history":[{"count":0,"href":"https:\/\/www.messinaoggi.it\/website\/wp-json\/wp\/v2\/posts\/21240\/revisions"}],"wp:featuredmedia":[{"embeddable":true,"href":"https:\/\/www.messinaoggi.it\/website\/wp-json\/wp\/v2\/media\/21108"}],"wp:attachment":[{"href":"https:\/\/www.messinaoggi.it\/website\/wp-json\/wp\/v2\/media?parent=21240"}],"wp:term":[{"taxonomy":"category","embeddable":true,"href":"https:\/\/www.messinaoggi.it\/website\/wp-json\/wp\/v2\/categories?post=21240"},{"taxonomy":"post_tag","embeddable":true,"href":"https:\/\/www.messinaoggi.it\/website\/wp-json\/wp\/v2\/tags?post=21240"}],"curies":[{"name":"wp","href":"https:\/\/api.w.org\/{rel}","templated":true}]}}