{"id":212388,"date":"2024-09-26T16:05:34","date_gmt":"2024-09-26T14:05:34","guid":{"rendered":"https:\/\/www.messinaoggi.it\/website\/2024\/09\/26\/il-caso-moro-raccontato-da-gotor-agli-studenti-di-unitelmasapienza\/"},"modified":"2024-09-26T16:05:34","modified_gmt":"2024-09-26T14:05:34","slug":"il-caso-moro-raccontato-da-gotor-agli-studenti-di-unitelmasapienza","status":"publish","type":"post","link":"https:\/\/www.messinaoggi.it\/website\/2024\/09\/26\/il-caso-moro-raccontato-da-gotor-agli-studenti-di-unitelmasapienza\/","title":{"rendered":"Il \u201ccaso Moro\u201d raccontato da Gotor agli studenti di UnitelmaSapienza"},"content":{"rendered":"<div>ROMA (ITALPRESS) &#8211; Spartiacque traumatico della storia d&#8217;Italia, il &#8220;caso Moro&#8221; rappresenta uno degli eventi pi\u00f9 tragici e controversi del nostro passato. I drammatici 55 giorni e la fine del presidente della DC sono al centro del terzo incontro del ciclo di seminari &#8220;La Notte della Repubblica&#8221; dell&#8217;universit\u00e0 UnitelmaSapienza, moderati da Roberto Sciarrone. &#8220;Un&#8217;occasione per approfondire temi e questioni legate alla storia del nostro Paese attraverso il contributo di autorevoli ospiti, docenti, scrittori e operatori culturali, con le clip tratte dall&#8217;inchiesta di Sergio Zavoli &#8211; ha detto il rettore Bruno Botta -. E&#8217; un grande piacere per l&#8217;Ateneo promuovere eventi di questo tipo, in sinergia con partner e ospiti di grande livello culturale&#8221;.<br \/>\nPer il direttore generale di UnitelmaSapienza, Mauro Giustozzi, &#8220;questo ciclo di conferenze ha il merito di riportare alla nostra memoria un&#8217;esperienza storica sul quale probabilmente non \u00e8 stato ancora scritto tutto per le implicazioni enormi che ha avuto e ha il merito di consentire a chi non ha avuto un&#8217;esperienza diretta di poter riflettere su un episodio della nostra storia recente che non si studiano a scuola&#8221;.<br \/>\nPer la storica e divulgatrice RAI Michela Ponzani &#8220;\u00e8 importante non disperdere la memoria di un evento traumatico per la storia della nostra Repubblica, studiato a lungo da Miguel Gotor che ha lavorato sul memoriale scritto da Moro nei 55 giorni di prigionia, una fonte importante che ci permette di fare un&#8217;analisi storica di quell&#8217;evento e di capire come la Repubblica ha superato un trauma collettivo. E&#8217; importante parlarne ai ragazzi perch\u00e8 questa vicenda ci mostra anche quanto il nostro Paese \u00e8 stato forte a ricompattarsi e a recuperare quel senso di identit\u00e0 perduto&#8221;.<br \/>\nLa storia, per Miguel Gotor, assessore alla Cultura di Roma Capitale e professore di Storia moderna dell&#8217;Universit\u00e0 di Roma Tor Vergata, &#8220;serve proprio a questo: a comunicare l&#8217;essenziale di questa pagina cos\u00ec importante del nostro passato. Il rapimento e l&#8217;uccisione di Aldo Moro sono un evento periodizzante della nostra Repubblica, una ferita che ha aperto un prima e un dopo, uno spartiacque con cui a mio parere finisce una fase espansiva costituzionale&#8221;.<div id=\"div-gpt-ad-Messinaoggi.it-DSK-300x250-corpoart\" style=\"text-align:center;margin:0 auto;\"><\/div><\/p>\n<p>&#8211; foto xi2\/Italpress &#8211;<br \/>\n(ITALPRESS).<div id=\"videoincontent\" style=\"clear:both\";><\/div><\/p><\/div>\n","protected":false},"excerpt":{"rendered":"<p>ROMA (ITALPRESS) &#8211; Spartiacque traumatico della storia d&#8217;Italia, il &#8220;caso Moro&#8221; rappresenta uno degli eventi pi\u00f9 tragici e controversi del nostro passato. I drammatici 55 giorni e la fine del presidente della DC sono al centro del terzo incontro del ciclo di seminari &#8220;La Notte della Repubblica&#8221; dell&#8217;universit\u00e0 UnitelmaSapienza, moderati da Roberto Sciarrone. &#8220;Un&#8217;occasione per [&hellip;]<\/p>\n","protected":false},"author":18,"featured_media":212389,"comment_status":"closed","ping_status":"closed","sticky":false,"template":"","format":"standard","meta":{"ub_ctt_via":"","_mi_skip_tracking":false},"categories":[446],"tags":[783],"featured_image_src":"https:\/\/www.messinaoggi.it\/website\/wp-content\/uploads\/2024\/09\/20240926_0495.jpg","author_info":{"display_name":"Admin","author_link":"https:\/\/www.messinaoggi.it\/website\/author\/admin\/"},"digistream_id":0,"digistream":false,"_links":{"self":[{"href":"https:\/\/www.messinaoggi.it\/website\/wp-json\/wp\/v2\/posts\/212388"}],"collection":[{"href":"https:\/\/www.messinaoggi.it\/website\/wp-json\/wp\/v2\/posts"}],"about":[{"href":"https:\/\/www.messinaoggi.it\/website\/wp-json\/wp\/v2\/types\/post"}],"author":[{"embeddable":true,"href":"https:\/\/www.messinaoggi.it\/website\/wp-json\/wp\/v2\/users\/18"}],"replies":[{"embeddable":true,"href":"https:\/\/www.messinaoggi.it\/website\/wp-json\/wp\/v2\/comments?post=212388"}],"version-history":[{"count":0,"href":"https:\/\/www.messinaoggi.it\/website\/wp-json\/wp\/v2\/posts\/212388\/revisions"}],"wp:featuredmedia":[{"embeddable":true,"href":"https:\/\/www.messinaoggi.it\/website\/wp-json\/wp\/v2\/media\/212389"}],"wp:attachment":[{"href":"https:\/\/www.messinaoggi.it\/website\/wp-json\/wp\/v2\/media?parent=212388"}],"wp:term":[{"taxonomy":"category","embeddable":true,"href":"https:\/\/www.messinaoggi.it\/website\/wp-json\/wp\/v2\/categories?post=212388"},{"taxonomy":"post_tag","embeddable":true,"href":"https:\/\/www.messinaoggi.it\/website\/wp-json\/wp\/v2\/tags?post=212388"}],"curies":[{"name":"wp","href":"https:\/\/api.w.org\/{rel}","templated":true}]}}