{"id":21237,"date":"2018-06-28T07:30:11","date_gmt":"2018-06-28T05:30:11","guid":{"rendered":"http:\/\/www.messinaoggi.it\/website\/?p=21237"},"modified":"2018-06-28T07:30:11","modified_gmt":"2018-06-28T05:30:11","slug":"centri-per-limpiego-la-cgil-sollecita-ricollocazione-degli-ex-sportellisti","status":"publish","type":"post","link":"https:\/\/www.messinaoggi.it\/website\/2018\/06\/28\/centri-per-limpiego-la-cgil-sollecita-ricollocazione-degli-ex-sportellisti\/","title":{"rendered":"Centri per l&#039;impiego, la Cgil sollecita ricollocazione degli ex sportellisti"},"content":{"rendered":"<p style=\"font-weight: 400;\">Ricollocare gli ex sportellisti presso i Centri per l\u2019impiego, in base al loro fabbisogno e tenuto conto delle professionalit\u00e0 e delle esigenze di riqualificazione dei dipendenti regionali, \u00e8 una cosa opportuna perch\u00e9 consentirebbe ai lavoratori di tornare a lavorare e alla Regione di migliorare l\u2019efficienza degli sportelli e dei servizi erogati ai cittadini. Per questo ci auguriamo che le forze politiche all\u2019Ars, di maggioranza e opposizione, votino positivamente l\u2019emendamento al collegato che giace nelle Commissioni seconda e quinta\u201d. Lo dicono Monica Genovese della Cgil Sicilia e Graziamaria Pistorino, segretaria della Flc Cgil Sicilia.<div id=\"div-gpt-ad-Messinaoggi.it-DSK-300x250-corpoart\" style=\"text-align:center;margin:0 auto;\"><\/div><\/p>\n<p style=\"font-weight: 400;\">\u201cDopo anni di immobilismo \u2013 aggiungono \u2013 abbiamo bisogno di rilanciare le politiche attive del lavoro, per promuovere la formazione e l\u2019occupazione. Con le loro competenze e professionalit\u00e0 gli ex sportellisti sono una risorsa gi\u00e0 disponibile per colmare, nei contesti ove presenti, i limiti di organico del personale\u00a0oggi\u00a0impiegato in questo importante e delicato settore per lo sviluppo della Sicilia\u201d.<div id=\"videoincontent\" style=\"clear:both\";><\/div><\/p>\n","protected":false},"excerpt":{"rendered":"<p>Ricollocare gli ex sportellisti presso i Centri per l\u2019impiego, in base al loro fabbisogno e tenuto conto delle professionalit\u00e0 e delle esigenze di riqualificazione dei dipendenti regionali, \u00e8 una cosa opportuna perch\u00e9 consentirebbe ai lavoratori di tornare a lavorare e alla Regione di migliorare l\u2019efficienza degli sportelli e dei servizi erogati ai cittadini. Per questo [&hellip;]<\/p>\n","protected":false},"author":4,"featured_media":21238,"comment_status":"closed","ping_status":"open","sticky":false,"template":"","format":"standard","meta":{"ub_ctt_via":"","_mi_skip_tracking":false},"categories":[11],"tags":[],"featured_image_src":"https:\/\/www.messinaoggi.it\/website\/wp-content\/uploads\/2018\/06\/centri-per-limpiego-lavoro-1.jpg","author_info":{"display_name":"redme","author_link":"https:\/\/www.messinaoggi.it\/website\/author\/redme\/"},"digistream_id":0,"digistream":false,"_links":{"self":[{"href":"https:\/\/www.messinaoggi.it\/website\/wp-json\/wp\/v2\/posts\/21237"}],"collection":[{"href":"https:\/\/www.messinaoggi.it\/website\/wp-json\/wp\/v2\/posts"}],"about":[{"href":"https:\/\/www.messinaoggi.it\/website\/wp-json\/wp\/v2\/types\/post"}],"author":[{"embeddable":true,"href":"https:\/\/www.messinaoggi.it\/website\/wp-json\/wp\/v2\/users\/4"}],"replies":[{"embeddable":true,"href":"https:\/\/www.messinaoggi.it\/website\/wp-json\/wp\/v2\/comments?post=21237"}],"version-history":[{"count":0,"href":"https:\/\/www.messinaoggi.it\/website\/wp-json\/wp\/v2\/posts\/21237\/revisions"}],"wp:featuredmedia":[{"embeddable":true,"href":"https:\/\/www.messinaoggi.it\/website\/wp-json\/wp\/v2\/media\/21238"}],"wp:attachment":[{"href":"https:\/\/www.messinaoggi.it\/website\/wp-json\/wp\/v2\/media?parent=21237"}],"wp:term":[{"taxonomy":"category","embeddable":true,"href":"https:\/\/www.messinaoggi.it\/website\/wp-json\/wp\/v2\/categories?post=21237"},{"taxonomy":"post_tag","embeddable":true,"href":"https:\/\/www.messinaoggi.it\/website\/wp-json\/wp\/v2\/tags?post=21237"}],"curies":[{"name":"wp","href":"https:\/\/api.w.org\/{rel}","templated":true}]}}