{"id":212368,"date":"2024-09-26T14:05:32","date_gmt":"2024-09-26T12:05:32","guid":{"rendered":"https:\/\/www.messinaoggi.it\/website\/2024\/09\/26\/ecam-dialogo-globale-e-multilateralismo-per-un-mondo-piu-solidale\/"},"modified":"2024-09-26T14:05:32","modified_gmt":"2024-09-26T12:05:32","slug":"ecam-dialogo-globale-e-multilateralismo-per-un-mondo-piu-solidale","status":"publish","type":"post","link":"https:\/\/www.messinaoggi.it\/website\/2024\/09\/26\/ecam-dialogo-globale-e-multilateralismo-per-un-mondo-piu-solidale\/","title":{"rendered":"Ecam, dialogo globale e multilateralismo per un mondo pi\u00f9 solidale"},"content":{"rendered":"<div>MILANO (ITALPRESS) &#8211; Si \u00e8 svolto a New York, in occasione della settantanovesima Assemblea Generale delle Nazioni Unite, il sesto summit dell&#8217;Ecam &#8211; European Council for Africa e Middle East -, la piattaforma di dialogo globale creata per favorire la comunicazione, le connessioni economiche, la pace e la stabilit\u00e0.<br \/>Capi di Stato e di Governo, rappresentanti dell&#8217;ONU e dell&#8217;Unione Europea insieme per confrontarsi sulla sanit\u00e0 come diritto fondamentale, sulla green transition, sull&#8217;istruzione, la ricerca e sull&#8217;agro-industria.<br \/>All&#8217;evento, organizzato e coordinato dal Presidente e fondatore dell&#8217;Ecam, Kamel Ghribi, sono intervenuti, tra gli altri, il Presidente del Botswana, Mokgweetsi Masisi; il Primo Ministro dell&#8217;Uganda, Robinah Nabbanja; il Direttore Generale dell&#8217;OMS, Tedros Ghebreyesus; il Ministro di Stato agli Affari esteri emiratino, Sheikh Shakhbout Nahyan Al Nahyan; il Commissario per gli Affari Internazionali di NYC, Edward Mermelstein; il Sottosegretario Generale delle Nazioni Unite e Consigliere Speciale per l&#8217;Africa, Cristina Duarte; il Segretario Esecutivo della Commissione Economica dell&#8217;ONU per l&#8217;Africa Claver Gatete; i Ministri di Senegal, Costa d&#8217;Avorio e Mauritania; alti rappresentanti delle Nazioni Unite, dell&#8217;Unione Europea e di altre organizzazioni internazionali.<br \/>Nel corso del suo discorso introduttivo Kamel Ghribi ha dichiarato: &#8220;Oggi \u00e8 una di quelle giornate in cui si rafforza la mia fiducia nel dialogo globale e nel multilateralismo. Dopo anni dalla fondazione di ECAM e tanto impegno, oggi una nuova conferma: ne \u00e8 valsa la pena! E&#8217; questa la direzione giusta da seguire, affinch\u00e8 il mondo possa diventare pi\u00f9 sicuro e pi\u00f9 equo&#8221;.<br \/>I lavori, ai quali ha preso parte ed \u00e8 intervenuto il Presidente del Gruppo San Donato, Angelino Alfano, sono stati conclusi dal Segretario Generale dell&#8217;Ecam, l&#8217;Ambasciatore Ettore Sequi.<br \/>-foto ufficio stampa Ecam-<br \/>(ITALPRESS).<\/div>\n<div id=\"div-gpt-ad-Messinaoggi.it-DSK-300x250-corpoart\" style=\"text-align:center;margin:0 auto;\"><\/div><\/p><div id=\"videoincontent\" style=\"clear:both\";><\/div>","protected":false},"excerpt":{"rendered":"<p>MILANO (ITALPRESS) &#8211; Si \u00e8 svolto a New York, in occasione della settantanovesima Assemblea Generale delle Nazioni Unite, il sesto summit dell&#8217;Ecam &#8211; European Council for Africa e Middle East -, la piattaforma di dialogo globale creata per favorire la comunicazione, le connessioni economiche, la pace e la stabilit\u00e0.Capi di Stato e di Governo, rappresentanti [&hellip;]<\/p>\n","protected":false},"author":18,"featured_media":212369,"comment_status":"closed","ping_status":"closed","sticky":false,"template":"","format":"standard","meta":{"ub_ctt_via":"","_mi_skip_tracking":false},"categories":[446],"tags":[783],"featured_image_src":"https:\/\/www.messinaoggi.it\/website\/wp-content\/uploads\/2024\/09\/20240926_0174.jpg","author_info":{"display_name":"Admin","author_link":"https:\/\/www.messinaoggi.it\/website\/author\/admin\/"},"digistream_id":0,"digistream":false,"_links":{"self":[{"href":"https:\/\/www.messinaoggi.it\/website\/wp-json\/wp\/v2\/posts\/212368"}],"collection":[{"href":"https:\/\/www.messinaoggi.it\/website\/wp-json\/wp\/v2\/posts"}],"about":[{"href":"https:\/\/www.messinaoggi.it\/website\/wp-json\/wp\/v2\/types\/post"}],"author":[{"embeddable":true,"href":"https:\/\/www.messinaoggi.it\/website\/wp-json\/wp\/v2\/users\/18"}],"replies":[{"embeddable":true,"href":"https:\/\/www.messinaoggi.it\/website\/wp-json\/wp\/v2\/comments?post=212368"}],"version-history":[{"count":0,"href":"https:\/\/www.messinaoggi.it\/website\/wp-json\/wp\/v2\/posts\/212368\/revisions"}],"wp:featuredmedia":[{"embeddable":true,"href":"https:\/\/www.messinaoggi.it\/website\/wp-json\/wp\/v2\/media\/212369"}],"wp:attachment":[{"href":"https:\/\/www.messinaoggi.it\/website\/wp-json\/wp\/v2\/media?parent=212368"}],"wp:term":[{"taxonomy":"category","embeddable":true,"href":"https:\/\/www.messinaoggi.it\/website\/wp-json\/wp\/v2\/categories?post=212368"},{"taxonomy":"post_tag","embeddable":true,"href":"https:\/\/www.messinaoggi.it\/website\/wp-json\/wp\/v2\/tags?post=212368"}],"curies":[{"name":"wp","href":"https:\/\/api.w.org\/{rel}","templated":true}]}}