{"id":212348,"date":"2024-09-26T10:31:04","date_gmt":"2024-09-26T08:31:04","guid":{"rendered":"http:\/\/www.messinaoggi.it\/website\/?p=212348"},"modified":"2024-09-26T10:31:06","modified_gmt":"2024-09-26T08:31:06","slug":"unime-presente-alla-sicilfiera-di-misterbianco","status":"publish","type":"post","link":"https:\/\/www.messinaoggi.it\/website\/2024\/09\/26\/unime-presente-alla-sicilfiera-di-misterbianco\/","title":{"rendered":"UniMe presente alla SicilFiera di Misterbianco"},"content":{"rendered":"\n<p>\u00c8 iniziato ieri e proseguir\u00e0 sino a domani 27 settembre, presso SicilFiera a Misterbianco (CT) \u00e8 in corso \u201cHeySun\u201d, il primo grande evento fieristico del Sud Italia dedicato alle energie rinnovabili. L\u2019iniziativa espositiva e convegnistica, patrocinata anche da UniMe, vuole consolidare la programmazione siciliana per l\u2019industria energetica rinnovabile, fondamentale leva di sviluppo sostenibile per il Paese.<div id=\"div-gpt-ad-Messinaoggi.it-DSK-300x250-corpoart\" style=\"text-align:center;margin:0 auto;\"><\/div><\/p>\n\n\n\n<p>Per tre giorni,  la grande area fieristica ospiter\u00e0 networking, incontri, tavole rotonde, conferenze su aree tematiche che spazieranno dalla mobilit\u00e0 elettrica alle citt\u00e0 sostenibili, dal solare termico al fotovoltaico, dall\u2019eolico al geotermico e all\u2019idrogeno verde, con un focus dedicato all\u2019agrivoltaico, un\u2019applicazione di grande interesse per l\u2019intera Isola.<div id=\"videoincontent\" style=\"clear:both\";><\/div><\/p>\n\n\n\n<p>Ad \u201cHeySun\u201d parteciperanno numerosi docenti ed esperti. Tra loro, il prof. Giuseppe Ioppolo Delegato della Rettrice dell\u2019Universit\u00e0 di Messina ai Rapporti con le Imprese del Territorio, e il prof. Ernesto Cascone, Direttore del Dipartimento di Ingegneria, che introdurranno i contenuti salienti della conferenza sul tema delle risorse per la transizione energetica, la pianificazione progettuale nei settori civile e industriale, il partenariato per la promozione delle comunit\u00e0 energetiche. Per l\u2019Ateneo peloritano, inoltre, interverranno anche i proff. Sebastian Brusca, Filippo Cucinotta, Mauro Prestipino, Edoardo Proverbio, Carla Faraci, Antonio Galvagno, Maria Francesca Milazzo, Guido Di Bella e Elpida Piperopoulos che si alterneranno nel corso delle varie sessioni.<\/p>\n","protected":false},"excerpt":{"rendered":"<p>\u00c8 iniziato ieri e proseguir\u00e0 sino a domani 27 settembre, presso SicilFiera a Misterbianco (CT) \u00e8 in corso \u201cHeySun\u201d, il primo grande evento fieristico del Sud Italia dedicato alle energie rinnovabili. L\u2019iniziativa espositiva e convegnistica, patrocinata anche da UniMe, vuole consolidare la programmazione siciliana per l\u2019industria energetica rinnovabile, fondamentale leva di sviluppo sostenibile per il [&hellip;]<\/p>\n","protected":false},"author":2,"featured_media":22060,"comment_status":"open","ping_status":"open","sticky":false,"template":"","format":"standard","meta":{"ub_ctt_via":"","_mi_skip_tracking":false},"categories":[5,7],"tags":[10499,10498,612],"featured_image_src":"https:\/\/www.messinaoggi.it\/website\/wp-content\/uploads\/2018\/07\/pale-eoliche-e-pannelli-fotovoltaici-messinaoggiMarcyRuggi-1.jpg","author_info":{"display_name":"Redazione","author_link":"https:\/\/www.messinaoggi.it\/website\/author\/redazione\/"},"digistream_id":0,"digistream":false,"_links":{"self":[{"href":"https:\/\/www.messinaoggi.it\/website\/wp-json\/wp\/v2\/posts\/212348"}],"collection":[{"href":"https:\/\/www.messinaoggi.it\/website\/wp-json\/wp\/v2\/posts"}],"about":[{"href":"https:\/\/www.messinaoggi.it\/website\/wp-json\/wp\/v2\/types\/post"}],"author":[{"embeddable":true,"href":"https:\/\/www.messinaoggi.it\/website\/wp-json\/wp\/v2\/users\/2"}],"replies":[{"embeddable":true,"href":"https:\/\/www.messinaoggi.it\/website\/wp-json\/wp\/v2\/comments?post=212348"}],"version-history":[{"count":1,"href":"https:\/\/www.messinaoggi.it\/website\/wp-json\/wp\/v2\/posts\/212348\/revisions"}],"predecessor-version":[{"id":212349,"href":"https:\/\/www.messinaoggi.it\/website\/wp-json\/wp\/v2\/posts\/212348\/revisions\/212349"}],"wp:featuredmedia":[{"embeddable":true,"href":"https:\/\/www.messinaoggi.it\/website\/wp-json\/wp\/v2\/media\/22060"}],"wp:attachment":[{"href":"https:\/\/www.messinaoggi.it\/website\/wp-json\/wp\/v2\/media?parent=212348"}],"wp:term":[{"taxonomy":"category","embeddable":true,"href":"https:\/\/www.messinaoggi.it\/website\/wp-json\/wp\/v2\/categories?post=212348"},{"taxonomy":"post_tag","embeddable":true,"href":"https:\/\/www.messinaoggi.it\/website\/wp-json\/wp\/v2\/tags?post=212348"}],"curies":[{"name":"wp","href":"https:\/\/api.w.org\/{rel}","templated":true}]}}