{"id":212295,"date":"2024-09-25T20:05:37","date_gmt":"2024-09-25T18:05:37","guid":{"rendered":"https:\/\/www.messinaoggi.it\/website\/2024\/09\/25\/milano-webuild-sostiene-la-prima-charity-dinner-della-casa-delle-luci\/"},"modified":"2024-09-25T20:05:37","modified_gmt":"2024-09-25T18:05:37","slug":"milano-webuild-sostiene-la-prima-charity-dinner-della-casa-delle-luci","status":"publish","type":"post","link":"https:\/\/www.messinaoggi.it\/website\/2024\/09\/25\/milano-webuild-sostiene-la-prima-charity-dinner-della-casa-delle-luci\/","title":{"rendered":"Milano, Webuild sostiene la prima charity dinner della \u201cCasa delle Luci\u201d"},"content":{"rendered":"<div>MILANO (ITALPRESS) &#8211; Una cena di gala solidale per privati e aziende a supporto di giovani e adulti con disabilit\u00e0 comunicative gravi: \u00e8 la prima charity dinner &#8220;Illuminiamo il futuro&#8221; della Fondazione &#8220;Casa delle Luci&#8221; sostenuta dal Gruppo <a href=\"https:\/\/www.webuildgroup.com\/it\/media\/note-stampa\/prima-charity-dinner-casa-delle-luci-milano\/\">Webuild<\/a> che si terr\u00e0 oggi 25 settembre presso il Museo Nazionale della Scienza e della Tecnologia di Milano. Il progetto della Casa delle Luci \u00e8 stato ideato dalla Fondazione nata nel 2018 dalla volont\u00e0 di Andrea ed Emanuela Silvestri per aiutare il figlio e altri ragazzi con disabilit\u00e0, a seguito dell&#8217;incontro con la logopedista Luisa Gibellini, oggi Presidente. Obiettivo della Fondazione, nel cui Consiglio di Amministrazione siede Massimo Ferrari, Direttore Generale Webuild, \u00e8 fare uscire ragazzi e adulti dal buio comunicativo &#8211; associato a deficit fisici, sensoriali e cognitivi &#8211; grazie ad una metodologia che unisce la lingua dei segni italiana (LIS) con la comunicazione aumentativa alternativa, in particolare nel delicato momento del passaggio all&#8217;et\u00e0 adulta.<br \/>\nNelle due sedi di Roma e Milano, 63 tra ragazzi e ragazze vengono seguiti da personale specializzato per dare un supporto non solo ai ragazzi, ma anche alle famiglie, nel relazionarsi con chi presenta una disabilit\u00e0. Per sostenere al meglio i ragazzi nel loro percorso, sono ideate diverse attivit\u00e0 esperienziali che vanno dai &#8220;Laboratori LISguistici&#8221;, al Bowling, al programma di vita indipendente e week-end d&#8217;autonomia &#8220;Giorni Diversi&#8221;.<br \/>\nL&#8217;idea della serata di raccolta fondi, che verr\u00e0 riproposta anche i prossimi anni, nasce proprio per far conoscere questa realt\u00e0 presentando le metodologie innovative di comunicazione utilizzate dalla fondazione, e far fronte ad una richiesta sempre maggiore di assistenza e di attivit\u00e0 esperienziali per il presente ma soprattutto per garantire un futuro pi\u00f9 sereno a ragazzi e famiglie. Nel corso della serata sar\u00e0 svolta una asta solidale.<br \/>\nProtagoniste dell&#8217;asta le foto originali donate da Webuild di &#8220;Roma Silenziosa Bellezza&#8221;, progetto culturale che ha interpretato la Roma inedita e profonda dei mesi del lockdown del 2020, metafora di un nuovo modo di comunicare la citt\u00e0 con immagini inusuali e profondamente espressive. Le foto offerte sono parte di una ampia collezione che ha dato vita all&#8217;omonimo libro edito da Rizzoli per conto del Gruppo e ad una mostra tenutasi nel 2023 presso l&#8217;Istituto VIVE &#8211; Vittoriano e Palazzo Venezia, mostrando una Roma insolitamente vuota e silenziosa, ed esaltando l&#8217;anima della citt\u00e0 per ripensare le infrastrutture urbane del futuro in una nuova ottica di sostenibilit\u00e0.<br \/>\n-foto ufficio stampa Webuild-<br \/>\n(ITALPRESS).<\/div>\n<div id=\"div-gpt-ad-Messinaoggi.it-DSK-300x250-corpoart\" style=\"text-align:center;margin:0 auto;\"><\/div><\/p><div id=\"videoincontent\" style=\"clear:both\";><\/div>","protected":false},"excerpt":{"rendered":"<p>MILANO (ITALPRESS) &#8211; Una cena di gala solidale per privati e aziende a supporto di giovani e adulti con disabilit\u00e0 comunicative gravi: \u00e8 la prima charity dinner &#8220;Illuminiamo il futuro&#8221; della Fondazione &#8220;Casa delle Luci&#8221; sostenuta dal Gruppo Webuild che si terr\u00e0 oggi 25 settembre presso il Museo Nazionale della Scienza e della Tecnologia di [&hellip;]<\/p>\n","protected":false},"author":18,"featured_media":212296,"comment_status":"closed","ping_status":"closed","sticky":false,"template":"","format":"standard","meta":{"ub_ctt_via":"","_mi_skip_tracking":false},"categories":[446],"tags":[783],"featured_image_src":"https:\/\/www.messinaoggi.it\/website\/wp-content\/uploads\/2024\/09\/20240925_1872.jpg","author_info":{"display_name":"Admin","author_link":"https:\/\/www.messinaoggi.it\/website\/author\/admin\/"},"digistream_id":0,"digistream":false,"_links":{"self":[{"href":"https:\/\/www.messinaoggi.it\/website\/wp-json\/wp\/v2\/posts\/212295"}],"collection":[{"href":"https:\/\/www.messinaoggi.it\/website\/wp-json\/wp\/v2\/posts"}],"about":[{"href":"https:\/\/www.messinaoggi.it\/website\/wp-json\/wp\/v2\/types\/post"}],"author":[{"embeddable":true,"href":"https:\/\/www.messinaoggi.it\/website\/wp-json\/wp\/v2\/users\/18"}],"replies":[{"embeddable":true,"href":"https:\/\/www.messinaoggi.it\/website\/wp-json\/wp\/v2\/comments?post=212295"}],"version-history":[{"count":0,"href":"https:\/\/www.messinaoggi.it\/website\/wp-json\/wp\/v2\/posts\/212295\/revisions"}],"wp:featuredmedia":[{"embeddable":true,"href":"https:\/\/www.messinaoggi.it\/website\/wp-json\/wp\/v2\/media\/212296"}],"wp:attachment":[{"href":"https:\/\/www.messinaoggi.it\/website\/wp-json\/wp\/v2\/media?parent=212295"}],"wp:term":[{"taxonomy":"category","embeddable":true,"href":"https:\/\/www.messinaoggi.it\/website\/wp-json\/wp\/v2\/categories?post=212295"},{"taxonomy":"post_tag","embeddable":true,"href":"https:\/\/www.messinaoggi.it\/website\/wp-json\/wp\/v2\/tags?post=212295"}],"curies":[{"name":"wp","href":"https:\/\/api.w.org\/{rel}","templated":true}]}}