{"id":21227,"date":"2018-06-27T17:05:30","date_gmt":"2018-06-27T15:05:30","guid":{"rendered":"http:\/\/www.messinaoggi.it\/website\/?p=21227"},"modified":"2018-06-27T17:05:30","modified_gmt":"2018-06-27T15:05:30","slug":"visita-di-de-luca-in-tribunale-parte-la-missione-palagiustizia","status":"publish","type":"post","link":"https:\/\/www.messinaoggi.it\/website\/2018\/06\/27\/visita-di-de-luca-in-tribunale-parte-la-missione-palagiustizia\/","title":{"rendered":"Visita di De Luca in tribunale: parte la missione &quot;PalaGiustizia&quot;"},"content":{"rendered":"<p style=\"text-align: justify\">Detto fatto. Come annunciato ieri durante la proclamazione tenutasi a Palazzo Zanca,\u00a0 il sindaco Cateno De Luca stamani si \u00e8 recato al Tribunale di Messina. A affiancarlo nel suo primo appuntamento istituzionale il vicesindaco, Salvatore Mondello e gli assessori, Dafne Musolino e Alessandra Calafiore. La delegazione ha incontrato\u00a0 il Presidente della Corte di Appello, Michele Galluccio, e il Presidente dell\u2019Ordine degli avvocati, Vincenzo Ceraolo, per un saluto e per avviare subito insieme l\u2019iter per definire al pi\u00f9 presto il progetto e i conseguenti lavori per il nuovo PalaGiustizia.<div id=\"div-gpt-ad-Messinaoggi.it-DSK-300x250-corpoart\" style=\"text-align:center;margin:0 auto;\"><\/div><\/p>\n<p style=\"text-align: justify\">L&#8217;obiettivo del nuovo primo cittadino \u00e8 quello di trovare una soluzione per sbloccare l&#8217;emergenza locali che penalzza ormai da anni le autorit\u00e0 giuridiche, missione solo sfiorata dalla precedente gestione:<em>\u201cNon ho compreso perch\u00e9 il Comune in passato si sia spogliato della progettazione e dell\u2019appalto di questa opera fondamentale. \u00c8 con questo modo di agire ha rischiato di perdere un finanziamento di 15 milioni di euro gi\u00e0 stanziati per l\u2019opera. \u00c8 giusto che della progettazione se ne occupi l\u2019Ente locale. Io mi prendo la responsabilit\u00e0 del territorio, il protocollo fatto dall\u2019Amministrazione precedente non \u00e8 stato risolutivo e in alcuni termini anche fuorviante. L\u2019Ente locale ha abdicato in passato, noi da subito ci vogliamo prendere la nostra responsabilit\u00e0. Per noi \u00e8 un obiettivo principale del nostro programma amministrativo. La soluzione dell\u2019ex Ospedale militare sul viale Europa come sito per il nuovo Tribunale andrebbe bene, per noi sarebbe ottima ma trasferendo l\u00ec tutta la cittadella giudiziaria. Per\u00f2 valuteremo tutte le soluzioni e poi decideremo la migliore e la pi\u00f9 veloce. Per noi questo rappresenta una delle urgenze principali della citt\u00e0\u201d\u00a0<\/em>ha dichiarato Cateno De Luca al termine del meeting odierno.<div id=\"videoincontent\" style=\"clear:both\";><\/div><\/p>\n<p style=\"text-align: justify\">Il presidente della Corte di Appello Galluccio durante l\u2019incontro ha sottolineato che: <em>\u201cL\u2019autorit\u00e0 amministrativa deve decidere dove collocare il nuovo Tribunale. Negli ultimi 30 anni le varie Amministrazioni non hanno mai voluto decidere concretamente. La precedente Amministrazione ha fatto solo un protocollo d\u2019intesa, ma di concreto poi non si \u00e8 fatto nulla. Le chiediamo ormai di passare dalle parole ai fatti. In questi anni la situazione si \u00e8 incancrenita, ci sono alcuni uffici che hanno criticit\u00e0 di stabilit\u00e0 gravi. Inoltre paghiamo oltre un milione e cinquecento mila euro di affitto l\u2019anno inutilmente e ci\u00f2 non \u00e8 comprensibile in questo periodo difficile per le casse dello Stato\u201d. <\/em><\/p>\n<p style=\"text-align: justify\">Il presidente Galluccio ha chiesto anche la possibilit\u00e0 di reperire per il Tribunale un assistente tecnico e personale per alcuni piccoli lavori urgenti. Stesse richieste ribadite con forza dal Presidente dell\u2019Ordine degli avvocati Ceraolo che ha affermato:<em> \u201cIn questi ultimi anni abbiamo sofferto del disinteresse della pubblica Amministrazione per la realizzazione del nuovo Tribunale. Siamo concordi sulla realizzazione di una cittadella Giudiziaria da realizzare nell\u2019ex Ospedale militare di viale Europa. \u00c8 per\u00f2 ormai urgente agire al pi\u00f9 presto, la questione dell\u2019edilizia giudiziaria \u00e8 esplosiva. Noi siamo preoccupati anche perch\u00e9 15 milioni di euro gi\u00e0 stanziati per Messina, sono rimasti congelati e sarebbe auspicabile attivarsi subito, affinch\u00e9 il Ministero non pensi poi di destinarli ad altre citt\u00e0 che hanno situazioni simili degli uffici giudiziari. Non ci possiamo pi\u00f9 permettere di pagare affitti cos\u00ec esosi e di avere soluzioni tampone. Il protocollo redatto con l\u2019Amministrazione precedente \u00e8 stato positivo ma poi non si \u00e8 concretizzato\u201d. <\/em><\/p>\n<p style=\"text-align: justify\">Il Sindaco subito dopo la discussione con il presidente Galluccio e il presidente dell\u2019Ordine degli avvocati Ceraolo ha affidato all\u2019ingegnere Armando Mellini la mission di risolvere i problemi tecnici pi\u00f9 urgenti.<\/p>\n","protected":false},"excerpt":{"rendered":"<p>Detto fatto. Come annunciato ieri durante la proclamazione tenutasi a Palazzo Zanca,\u00a0 il sindaco Cateno De Luca stamani si \u00e8 recato al Tribunale di Messina. A affiancarlo nel suo primo appuntamento istituzionale il vicesindaco, Salvatore Mondello e gli assessori, Dafne Musolino e Alessandra Calafiore. La delegazione ha incontrato\u00a0 il Presidente della Corte di Appello, Michele [&hellip;]<\/p>\n","protected":false},"author":6,"featured_media":21235,"comment_status":"closed","ping_status":"open","sticky":false,"template":"","format":"standard","meta":{"ub_ctt_via":"","_mi_skip_tracking":false},"categories":[4],"tags":[],"featured_image_src":"https:\/\/www.messinaoggi.it\/website\/wp-content\/uploads\/2018\/06\/De-Luca-Tribunale-con-presidente-ordine-avvocati-Ciraolo-e-Mondello-messinaoggiMarcyRuggi-1.jpg","author_info":{"display_name":"Redazione MessinaOggi.it","author_link":"https:\/\/www.messinaoggi.it\/website\/author\/p-vinci\/"},"digistream_id":0,"digistream":false,"_links":{"self":[{"href":"https:\/\/www.messinaoggi.it\/website\/wp-json\/wp\/v2\/posts\/21227"}],"collection":[{"href":"https:\/\/www.messinaoggi.it\/website\/wp-json\/wp\/v2\/posts"}],"about":[{"href":"https:\/\/www.messinaoggi.it\/website\/wp-json\/wp\/v2\/types\/post"}],"author":[{"embeddable":true,"href":"https:\/\/www.messinaoggi.it\/website\/wp-json\/wp\/v2\/users\/6"}],"replies":[{"embeddable":true,"href":"https:\/\/www.messinaoggi.it\/website\/wp-json\/wp\/v2\/comments?post=21227"}],"version-history":[{"count":0,"href":"https:\/\/www.messinaoggi.it\/website\/wp-json\/wp\/v2\/posts\/21227\/revisions"}],"wp:featuredmedia":[{"embeddable":true,"href":"https:\/\/www.messinaoggi.it\/website\/wp-json\/wp\/v2\/media\/21235"}],"wp:attachment":[{"href":"https:\/\/www.messinaoggi.it\/website\/wp-json\/wp\/v2\/media?parent=21227"}],"wp:term":[{"taxonomy":"category","embeddable":true,"href":"https:\/\/www.messinaoggi.it\/website\/wp-json\/wp\/v2\/categories?post=21227"},{"taxonomy":"post_tag","embeddable":true,"href":"https:\/\/www.messinaoggi.it\/website\/wp-json\/wp\/v2\/tags?post=21227"}],"curies":[{"name":"wp","href":"https:\/\/api.w.org\/{rel}","templated":true}]}}