{"id":21226,"date":"2018-06-27T16:29:31","date_gmt":"2018-06-27T14:29:31","guid":{"rendered":"http:\/\/www.messinaoggi.it\/website\/?p=21226"},"modified":"2018-06-27T16:29:31","modified_gmt":"2018-06-27T14:29:31","slug":"rete-ospedaliera-la-uil-fpl-a-razza","status":"publish","type":"post","link":"https:\/\/www.messinaoggi.it\/website\/2018\/06\/27\/rete-ospedaliera-la-uil-fpl-a-razza\/","title":{"rendered":"Rete ospedaliera, Uil e Uil-Fpl a Razza: &quot;Penalizzata Messina&quot;"},"content":{"rendered":"<p style=\"text-align: justify;\">La\u00a0<span class=\"s1\">Uil-Fpl ha inviato una nota dai contenuti forti all\u2019assessore regionale alla Salute Pubblica e per conoscenza al presidente della Commissione Sanit\u00e0 e al sindaco di Messina, riguardo la Rete ospedaliera regionale che penalizza fortemente la provincia di Messina e, in modo particolare, l\u2019ospedale Papardo. Il documento a firma del\u00a0segretario generale della Uil Messina, Ivan Tripo, di Pippo Calapai (segretario generale Uil-Fpl), Mario Macr\u00ec (responsabile Area medica), evidenzia come la nuova Rete ospedaliera abbia penalizzato la provincia di Messina a vantaggio di quella di Catania.<\/span><div id=\"div-gpt-ad-Messinaoggi.it-DSK-300x250-corpoart\" style=\"text-align:center;margin:0 auto;\"><\/div><\/p>\n<p style=\"text-align: justify;\">Ecco il testo della nota inviata a Palermo.<div id=\"videoincontent\" style=\"clear:both\";><\/div><\/p>\n<p style=\"text-align: justify;\">&#8220;<em>La recente bozza di rete ospedaliera presentata alle OO.SS., priva della rete territoriale e della ospedalit\u00e0 privata, ci lascia non solo fortemente perplessi per i contenuti che danneggiano pesantemente i cittadini della provincia di Messina, ma anche profondamente delusi e arrabbiati in quanto sono state privilegiate ancora una volta alcune province siciliane, a scapito di altre, specie quella di Messina.<\/em><\/p>\n<p style=\"text-align: justify;\"><em>Non si comprende l\u2019individuazione dei DEA di 2\u00b0 livello, frutto di aggregazioni di popolazioni.<\/em><\/p>\n<p style=\"text-align: justify;\"><em>Infatti nella provincia di Catania, attraverso l\u2019aggregazione di popolazioni di Siracusa e Ragusa sono stati individuati ben 3 DEA di 2\u00b0 livello, mentre invece la provincia di Messina, considerata Area Metropolitana dello Stretto, con un Bacino di utenza che include la popolazione calabrese, aumentando a dismisura gli abitanti residenti, ha avuto riconosciuto solo un DEA di 2\u00b0 livello individuato nell\u2019AOU Policlinico.<\/em><\/p>\n<p style=\"text-align: justify;\"><em>L\u2019Azienda Ospedaliera Papardo, che all\u2019origine, attraverso la L.R. n\u00b0 5 del 2009 era stata riconosciuta Azienda di Emergenza di 3\u00b0 livello, con tutta una serie di Alte Specialit\u00e0, oggi \u00e8 stata inspiegabilmente declassata a DEA di 1\u00b0 livello, con la perdita secca di ben 8 strutture complesse, la sparizione del previsto \u201cTrauma Center\u201d che sicuramente diminuiranno l\u2019offerta sanitaria della provincia di Messina.<\/em><\/p>\n<p style=\"text-align: justify;\"><em>L\u2019IRCCS Neurolesi, riconosciuto DEA di 1\u00b0, incomprensibilmente vede le specialit\u00e0 essenziali declassate a unit\u00e0 operative semplici dipartimentali ad eccezione del pronto soccorso con sicure ricadute sulla qualit\u00e0 dell\u2019assistenza, perdita di attrattivit\u00e0 e consequenziale diminuzione di risorse umane e di budget.<\/em><\/p>\n<p style=\"text-align: justify;\"><em>L\u2019ASP di Messina vede finalmente riconosciuto il PO di Barcellona quale Ospedale di Base salvaguardando pertanto il bacino di utenza dell\u2019hinterland barcellonese, mentre invece altri presidi ospedalieri quali ad esempio quelli di S. Agata di Militello e di Patti sembrerebbero essere fortemente penalizzati a causa del declassamento di alcune unit\u00e0 operative complesse. Inoltre, viene pesantemente smantellata la rete nefrologico-dialitica pubblica che pur contando sul pi\u00f9 alto numero di pazienti dializzati pubblici in Sicilia, oltre 230, perde completamente l\u2019UOC di coordinamento di Nefrologia e dialisi.<\/em><\/p>\n<p style=\"text-align: justify;\"><em>\u00c8 troppo facile richiamare il Balduzzi per la soppressione delle strutture complesse nell\u2019ambito della provincia di Messina quando negli altri bacini e nelle Aziende Universitarie siciliane tale decreto \u00e8 stato applicato in maniera parziale e unilaterale.<\/em><\/p>\n<p style=\"text-align: justify;\"><em>Perch\u00e9 il Balduzzi non \u00e8 stato applicato in maniera corretta in tutta la regione siciliana?<\/em><\/p>\n<p style=\"text-align: justify;\"><em>Vale la pena ricordare che il decreto Balduzzi, nella individuazione del numero di strutture complesse per bacino di utenza da mantenere, si avvale di elementi essenziali rappresentati dai volumi di attivit\u00e0 e dalla valutazione degli esiti.<\/em><\/p>\n<p style=\"text-align: justify;\"><em>Nella provincia di Messina per la determinazione delle UOC sono stati tenuti in considerazione tali indicatori?<\/em><\/p>\n<p style=\"text-align: justify;\"><em>\u00c8 stata fatta la comparazione tra le varie aziende ospedaliere pubbliche e private del bacino di Messina?<\/em><\/p>\n<p style=\"text-align: justify;\"><em>Sarebbe veramente interessante che codesto Assessorato in maniera trasparente renda noto a tutte le forze sociali le motivazioni tecniche delle scelte operate.<\/em><\/p>\n<p style=\"text-align: justify;\"><em>Al neoeletto Sindaco di Messina, cui la presente \u00e8 inviata per conoscenza si chiede di avviare con urgenza la Conferenza dei Sindaci della provincia di Messina, coinvolgendo le parti sociali, al fine di avviare insieme un percorso che possa salvaguardare il diritto alla salute dei cittadini messinesi, rammentando che per quanto riguarda l\u2019AO Papardo, la UIL e la UIFPL di Messina hanno intrapreso nei mesi scorsi tutta una serie di iniziative, compresa la petizione popolare per salvaguardare dal declassamento e dalla paventata fusione con l\u2019IRCCS Neurolesi tale importante struttura sanitaria.<\/em><\/p>\n<p style=\"text-align: justify;\"><em>Insomma, una rete ospedaliera con troppe ombre che provocher\u00e0 pesantissime ripercussioni alla popolazione della Citt\u00e0 Metropolitana di Messina.<\/em><\/p>\n<p style=\"text-align: justify;\"><em>UIL e UIL FPL proseguiranno senza sosta nella lotta per garantire il diritto alla salute dei nostri cittadini<\/em>&#8220;.<\/p>\n","protected":false},"excerpt":{"rendered":"<p>La\u00a0Uil-Fpl ha inviato una nota dai contenuti forti all\u2019assessore regionale alla Salute Pubblica e per conoscenza al presidente della Commissione Sanit\u00e0 e al sindaco di Messina, riguardo la Rete ospedaliera regionale che penalizza fortemente la provincia di Messina e, in modo particolare, l\u2019ospedale Papardo. Il documento a firma del\u00a0segretario generale della Uil Messina, Ivan Tripo, [&hellip;]<\/p>\n","protected":false},"author":2,"featured_media":8386,"comment_status":"closed","ping_status":"open","sticky":false,"template":"","format":"standard","meta":{"ub_ctt_via":"","_mi_skip_tracking":false},"categories":[6],"tags":[],"featured_image_src":"https:\/\/www.messinaoggi.it\/website\/wp-content\/uploads\/2017\/09\/ivan-tripodi-uilRRP_8325-2.jpg","author_info":{"display_name":"Redazione","author_link":"https:\/\/www.messinaoggi.it\/website\/author\/redazione\/"},"digistream_id":0,"digistream":false,"_links":{"self":[{"href":"https:\/\/www.messinaoggi.it\/website\/wp-json\/wp\/v2\/posts\/21226"}],"collection":[{"href":"https:\/\/www.messinaoggi.it\/website\/wp-json\/wp\/v2\/posts"}],"about":[{"href":"https:\/\/www.messinaoggi.it\/website\/wp-json\/wp\/v2\/types\/post"}],"author":[{"embeddable":true,"href":"https:\/\/www.messinaoggi.it\/website\/wp-json\/wp\/v2\/users\/2"}],"replies":[{"embeddable":true,"href":"https:\/\/www.messinaoggi.it\/website\/wp-json\/wp\/v2\/comments?post=21226"}],"version-history":[{"count":0,"href":"https:\/\/www.messinaoggi.it\/website\/wp-json\/wp\/v2\/posts\/21226\/revisions"}],"wp:featuredmedia":[{"embeddable":true,"href":"https:\/\/www.messinaoggi.it\/website\/wp-json\/wp\/v2\/media\/8386"}],"wp:attachment":[{"href":"https:\/\/www.messinaoggi.it\/website\/wp-json\/wp\/v2\/media?parent=21226"}],"wp:term":[{"taxonomy":"category","embeddable":true,"href":"https:\/\/www.messinaoggi.it\/website\/wp-json\/wp\/v2\/categories?post=21226"},{"taxonomy":"post_tag","embeddable":true,"href":"https:\/\/www.messinaoggi.it\/website\/wp-json\/wp\/v2\/tags?post=21226"}],"curies":[{"name":"wp","href":"https:\/\/api.w.org\/{rel}","templated":true}]}}