{"id":212253,"date":"2024-09-25T16:05:35","date_gmt":"2024-09-25T14:05:35","guid":{"rendered":"https:\/\/www.messinaoggi.it\/website\/2024\/09\/25\/i-due-anni-di-giorgia-meloni-dal-punto-di-vista-dei-social\/"},"modified":"2024-09-25T16:05:35","modified_gmt":"2024-09-25T14:05:35","slug":"i-due-anni-di-giorgia-meloni-dal-punto-di-vista-dei-social","status":"publish","type":"post","link":"https:\/\/www.messinaoggi.it\/website\/2024\/09\/25\/i-due-anni-di-giorgia-meloni-dal-punto-di-vista-dei-social\/","title":{"rendered":"I due anni di Giorgia Meloni dal punto di vista dei social"},"content":{"rendered":"<div>ROMA (ITALPRESS) &#8211; Il leader dell&#8217;era digitale, contrassegnata da una volatilit\u00e0 intensa e frequente, dovrebbe sempre avere a portata di mano il termometro dei follower. Riuscire a misurare per tempo la temperatura dei comportamenti online, nonostante una certa impermeabilit\u00e0 algoritmica dei confini delle nostre bolle cognitive diventa fondamentale in quanto questi dati gli consentono di fiutare l&#8217;arrivo, la crescita prima della polarizzazione dei trend emotivo-morali che dominano l&#8217;opinione pubblica digitale. Non certo per seguirli pedissequamente, per legarsi al carro dell&#8217;indignazione-condivisione, quanto per provare a anticiparne la pluralit\u00e0 di effetti. Il termometro dei follower degli account di Giorgia Meloni, ci restituisce grazie alla comparazione dell&#8217;ultimo anno, dal 26 settembre 2023 al 24 settembre 2024, con quello precedente, dal 26 settembre 2022 al 25 settembre 2023, degli indicatori interessanti. Lo fa sapere Arcadia, in un report. In questo periodo, secondo Arcadia, c&#8217;\u00e8 un primo dato da sottolineare: l&#8217;attenzione digitale si \u00e8 spostata da Facebook verso altre piattaforme, in particolare Instagram, TikTok e poi anche X. Su queste piattaforme \u00e8 cresciuto sensibilmente il numero delle interazioni totali, cos\u00ec come sono aumentati considerevolmente i nuovi follower che hanno scelto di popolare i canali social (ai quali si aggiungono poi anche LinkedIn, Youtube, Telegram e WhatsApp non censisti nel report). Con la crescita dei fandom, necessariamente \u00e8 diminuito in proporzione anche il tasso di interazione e dell&#8217;engagement, che comunque rimangono in media rispetto all&#8217;anno precedente. Quando, invece, allarghiamo l&#8217;orizzonte dell&#8217;analisi alla Rete, si consolida un presidio quantitativo e qualitativo dell&#8217;infosfera digitale. Sul primo aspetto, abbiamo una crescita notevole delle menzioni della keyword &#8220;Giorgia Meloni&#8221;, sul secondo punto, quello qualitativo, la percentuale del sentiment positivo passa dal 41 al 40%, quello negativo cala dal 48% al 47%.<br \/>&#8211; foto Agenzia Fotogramma &#8211;<br \/>(ITALPRESS).<\/div>\n<div id=\"div-gpt-ad-Messinaoggi.it-DSK-300x250-corpoart\" style=\"text-align:center;margin:0 auto;\"><\/div><\/p><div id=\"videoincontent\" style=\"clear:both\";><\/div>","protected":false},"excerpt":{"rendered":"<p>ROMA (ITALPRESS) &#8211; Il leader dell&#8217;era digitale, contrassegnata da una volatilit\u00e0 intensa e frequente, dovrebbe sempre avere a portata di mano il termometro dei follower. Riuscire a misurare per tempo la temperatura dei comportamenti online, nonostante una certa impermeabilit\u00e0 algoritmica dei confini delle nostre bolle cognitive diventa fondamentale in quanto questi dati gli consentono di [&hellip;]<\/p>\n","protected":false},"author":18,"featured_media":212254,"comment_status":"closed","ping_status":"closed","sticky":false,"template":"","format":"standard","meta":{"ub_ctt_via":"","_mi_skip_tracking":false},"categories":[446],"tags":[783],"featured_image_src":"https:\/\/www.messinaoggi.it\/website\/wp-content\/uploads\/2024\/09\/20240925_0444.jpg","author_info":{"display_name":"Admin","author_link":"https:\/\/www.messinaoggi.it\/website\/author\/admin\/"},"digistream_id":0,"digistream":false,"_links":{"self":[{"href":"https:\/\/www.messinaoggi.it\/website\/wp-json\/wp\/v2\/posts\/212253"}],"collection":[{"href":"https:\/\/www.messinaoggi.it\/website\/wp-json\/wp\/v2\/posts"}],"about":[{"href":"https:\/\/www.messinaoggi.it\/website\/wp-json\/wp\/v2\/types\/post"}],"author":[{"embeddable":true,"href":"https:\/\/www.messinaoggi.it\/website\/wp-json\/wp\/v2\/users\/18"}],"replies":[{"embeddable":true,"href":"https:\/\/www.messinaoggi.it\/website\/wp-json\/wp\/v2\/comments?post=212253"}],"version-history":[{"count":0,"href":"https:\/\/www.messinaoggi.it\/website\/wp-json\/wp\/v2\/posts\/212253\/revisions"}],"wp:featuredmedia":[{"embeddable":true,"href":"https:\/\/www.messinaoggi.it\/website\/wp-json\/wp\/v2\/media\/212254"}],"wp:attachment":[{"href":"https:\/\/www.messinaoggi.it\/website\/wp-json\/wp\/v2\/media?parent=212253"}],"wp:term":[{"taxonomy":"category","embeddable":true,"href":"https:\/\/www.messinaoggi.it\/website\/wp-json\/wp\/v2\/categories?post=212253"},{"taxonomy":"post_tag","embeddable":true,"href":"https:\/\/www.messinaoggi.it\/website\/wp-json\/wp\/v2\/tags?post=212253"}],"curies":[{"name":"wp","href":"https:\/\/api.w.org\/{rel}","templated":true}]}}