{"id":212247,"date":"2024-09-25T14:05:40","date_gmt":"2024-09-25T12:05:40","guid":{"rendered":"https:\/\/www.messinaoggi.it\/website\/2024\/09\/25\/fondazione-cariplo-promuove-lo-sport-inclusivo\/"},"modified":"2024-09-25T14:05:40","modified_gmt":"2024-09-25T12:05:40","slug":"fondazione-cariplo-promuove-lo-sport-inclusivo","status":"publish","type":"post","link":"https:\/\/www.messinaoggi.it\/website\/2024\/09\/25\/fondazione-cariplo-promuove-lo-sport-inclusivo\/","title":{"rendered":"Fondazione Cariplo promuove lo sport inclusivo"},"content":{"rendered":"<div>MILANO (ITALPRESS) &#8211; In occasione della Giornata Europea delle Fondazioni, Fondazione Cariplo aderisce alla campagna promossa da Acri e Assifero dal titolo &#8220;#unaltrapartita. Comunit\u00e0 in campo&#8221; in programma dal 23 settembre al 1\u00ba ottobre con un ricco programma di attivit\u00e0. Al centro dell&#8217;iniziativa lo sport sociale ed inclusivo e l&#8217;impegno delle fondazioni per  garantire l&#8217;accesso all&#8217;attivit\u00e0 sportiva ai giovani a rischio o in condizioni di povert\u00e0 economica o educativa, agli anziani, alle persone con disabilit\u00e0, ai detenuti, ai migranti&#8230;<br \/>Obiettivo della Giornata \u00e8 attrarre l&#8217;attenzione su alcuni dei valori che ispirano l&#8217;attivit\u00e0 delle Fondazioni, per farne conoscere meglio l&#8217;attivit\u00e0 filantropica. A un anno dall&#8217;ingresso dello sport nella Costituzione (&#8220;La Repubblica riconosce il valore educativo, sociale e di promozione del benessere psicofisico dell&#8217;attivit\u00e0 sportiva in tutte le sue forme&#8221;, art.33), la campagna sar\u00e0 l&#8217;occasione per valorizzare come le Fondazioni, insieme alle comunit\u00e0 e al Terzo settore, siano da sempre impegnate a garantire a tutti l&#8217;accesso alla pratica sportiva, come strumento di inclusione, condivisione e benessere.<br \/>Fondazione Cariplo, insieme al network Sport for inclusion e al Politecnico di Milano,  propone al territorio lombardo e alle province di Novara e Verbania un intenso programma di attivit\u00e0 sportive per riflettere sul valore dello sport elemento centrale nella crescita delle persone. Lo sport, infatti, rappresenta un fattore di prevenzione e promozione del benessere psico-fisico e contribuisce a sperimentare in modo diretto valori ritenuti importanti soprattutto nelle fasi di sviluppo dei bambini, adolescenti e giovani, quali ad esempio: il rispetto degli altri e delle regole, la cooperazione all&#8217;interno della squadra, l&#8217;accettazione della sconfitta, la capacit\u00e0 di gestire le difficolt\u00e0 e i problemi.  Lo sport, inoltre, permette di superare le differenze, siano esse linguistiche, religiose, culturali, sociali e di creare contesti in cui pu\u00f2 essere favorito il dialogo e l&#8217;accoglienza.<br \/>Fondazione Cariplo, in collaborazione con le organizzazioni del Terzo settore e le comunit\u00e0 locali, ha da sempre lavorato per garantire che l&#8217;attivit\u00e0 sportiva sia accessibile a tutti. Numerosi progetti testimoniano l&#8217;impegno di Fondazione Cariplo: iniziative rivolte ai giovani a rischio nelle periferie urbane, programmi sportivi inclusivi per le persone con disabilit\u00e0, e attivit\u00e0 sportive organizzate nelle carceri. Questi esempi concreti dimostrano come lo sport possa trasformare vite e comunit\u00e0.<br \/>La Giornata europea delle fondazioni \u00e8 un&#8217;iniziativa nata in seno al network europeo delle associazioni nazionali di fondazioni (Dafne) &#8211; oggi confluito in Philea &#8211; che ha l&#8217;obiettivo di rendere riconoscibile a livello comunitario il ruolo e l&#8217;operato delle Fondazioni che, insieme al mondo del volontariato e del Terzo settore, concorrono ad alimentare e innovare il welfare e la cultura in tutta Europa. Un dato su tutti: la filantropia organizzata di cui le fondazioni di origine bancaria sono un player importante muove in Italia risorse per oltre 1 miliardo di euro ogni anno.<br \/>Fondazione Cariplo \u00e8 una delle pi\u00f9 importanti fondazioni erogative in Europa. E ha aderito alla iniziativa promossa in Italia da Acri lanciando una campagna di comunicazione e sensibilizzazione sul tema che verr\u00e0 diffusa su treni,  cinema e in altri spazi messi a disposizione. La campagna ovviamente verr\u00e0 distribuita anche sui canali di fondazione Cariplo<br \/>Giovanni Azzone, Presidente di Fondazione Cariplo: &#8220;Dal 25 settembre al 1 ottobre, sono in programma numerose iniziative legate alla Giornata europea delle fondazioni; si tratta di un momento annuale che condividiamo con tutte le fondazioni di origine bancaria italiane, ed altre fondazioni filantropiche europee per mettere in luce l&#8217;importanza della filantropia, senza la quale molte cose non accadrebbero. Quest&#8217;anno il tema su cui \u00e8 incentrata la Giornata \u00e8 &#8220;L&#8217;inclusione attraverso lo sport&#8221;. Insieme a molte realt\u00e0 che operano in questo ambito abbiamo dato vita ad un programma di iniziative che simbolicamente rappresentano molti aspetti dell&#8217;inclusivit\u00e0 che \u00e8 importante per tutti i bambini, tutti i giovani, spesso isolati, gli anziani, gli adulti, le donne; L&#8217;esempio perfetto dell&#8217;inclusione \u00e8 il baskin, dove persone normodotate e persone con disabilit\u00e0 giocano insieme.  L&#8217;obiettivo quindi \u00e8 offrire occasioni per fare sport tutti insieme, non a compartimenti stagni. Le Paraolimpiadi ancora una volta sono stati un&#8217;occasione importante per porre l&#8217;inclusione nello sport al centro dell&#8217;attenzione anche dei grandi media. C&#8217;\u00e8 un aspetto importante per chi opera nel mondo dello sport, che deve avere molto riguardo nei confronti di questi temi. Occorre avere una formazione adeguata, non ci si pu\u00f2 improvvisare: essere dirigenti, allenatori, collaboratori oggi nelle societ\u00e0 sportive \u00e8 certamente diverso dal passato. Sappiamo che molti giovani abbandonano lo sport, per svariati motivi; a volte lo fanno perch\u00e8 mettiamo questa attivit\u00e0 su un livello di accesa competizione, mentre i bambini e i ragazzi cercano occasioni per crescere insieme ai compagni giocando. Sappiamo quanto lo sport faccia bene, a tutti, soprattutto ai giovani che oggi vivano momenti difficili. Si sentono ancora gli effetti della pandemia, dell&#8217;isolamento sociale. I dati dicono che sono decine di migliaia i bambini e i ragazzi che solo in Lombardia si rivolgono ai servizi pubblici per problemi psicologici o psichiatrici. Lo sport sano \u00e8 un antidoto contro questi problemi. Ma lo sport NON pu\u00f2 essere un ulteriore fattore di pressione e di stress, con genitori e dirigenti che esagerano sulle richieste di performance&#8221;.<br \/>-foto ufficio stampa Fondazione Cariplo &#8211;<br \/>(ITALPRESS).<\/div>\n<div id=\"div-gpt-ad-Messinaoggi.it-DSK-300x250-corpoart\" style=\"text-align:center;margin:0 auto;\"><\/div><\/p><div id=\"videoincontent\" style=\"clear:both\";><\/div>","protected":false},"excerpt":{"rendered":"<p>MILANO (ITALPRESS) &#8211; In occasione della Giornata Europea delle Fondazioni, Fondazione Cariplo aderisce alla campagna promossa da Acri e Assifero dal titolo &#8220;#unaltrapartita. Comunit\u00e0 in campo&#8221; in programma dal 23 settembre al 1\u00ba ottobre con un ricco programma di attivit\u00e0. Al centro dell&#8217;iniziativa lo sport sociale ed inclusivo e l&#8217;impegno delle fondazioni per garantire l&#8217;accesso [&hellip;]<\/p>\n","protected":false},"author":18,"featured_media":212248,"comment_status":"closed","ping_status":"closed","sticky":false,"template":"","format":"standard","meta":{"ub_ctt_via":"","_mi_skip_tracking":false},"categories":[446],"tags":[783],"featured_image_src":"https:\/\/www.messinaoggi.it\/website\/wp-content\/uploads\/2024\/09\/20240925_0379.jpg","author_info":{"display_name":"Admin","author_link":"https:\/\/www.messinaoggi.it\/website\/author\/admin\/"},"digistream_id":0,"digistream":false,"_links":{"self":[{"href":"https:\/\/www.messinaoggi.it\/website\/wp-json\/wp\/v2\/posts\/212247"}],"collection":[{"href":"https:\/\/www.messinaoggi.it\/website\/wp-json\/wp\/v2\/posts"}],"about":[{"href":"https:\/\/www.messinaoggi.it\/website\/wp-json\/wp\/v2\/types\/post"}],"author":[{"embeddable":true,"href":"https:\/\/www.messinaoggi.it\/website\/wp-json\/wp\/v2\/users\/18"}],"replies":[{"embeddable":true,"href":"https:\/\/www.messinaoggi.it\/website\/wp-json\/wp\/v2\/comments?post=212247"}],"version-history":[{"count":0,"href":"https:\/\/www.messinaoggi.it\/website\/wp-json\/wp\/v2\/posts\/212247\/revisions"}],"wp:featuredmedia":[{"embeddable":true,"href":"https:\/\/www.messinaoggi.it\/website\/wp-json\/wp\/v2\/media\/212248"}],"wp:attachment":[{"href":"https:\/\/www.messinaoggi.it\/website\/wp-json\/wp\/v2\/media?parent=212247"}],"wp:term":[{"taxonomy":"category","embeddable":true,"href":"https:\/\/www.messinaoggi.it\/website\/wp-json\/wp\/v2\/categories?post=212247"},{"taxonomy":"post_tag","embeddable":true,"href":"https:\/\/www.messinaoggi.it\/website\/wp-json\/wp\/v2\/tags?post=212247"}],"curies":[{"name":"wp","href":"https:\/\/api.w.org\/{rel}","templated":true}]}}