{"id":212241,"date":"2024-09-25T14:05:31","date_gmt":"2024-09-25T12:05:31","guid":{"rendered":"https:\/\/www.messinaoggi.it\/website\/2024\/09\/25\/la-riforma-del-voto-in-condotta-e-legge-alla-scuola-primaria-tornano-giudizi\/"},"modified":"2024-09-25T14:05:31","modified_gmt":"2024-09-25T12:05:31","slug":"la-riforma-del-voto-in-condotta-e-legge-alla-scuola-primaria-tornano-giudizi","status":"publish","type":"post","link":"https:\/\/www.messinaoggi.it\/website\/2024\/09\/25\/la-riforma-del-voto-in-condotta-e-legge-alla-scuola-primaria-tornano-giudizi\/","title":{"rendered":"La riforma del voto in condotta \u00e8 legge, alla scuola Primaria tornano giudizi"},"content":{"rendered":"<div>ROMA (ITALPRESS) &#8211; E&#8217; stata definitivamente approvata dalla Camera dei deputati la riforma della condotta e della valutazione alla Primaria.<br \/>&#8220;La legge approvata dal Parlamento rappresenta un passaggio fondamentale per la costruzione di un sistema scolastico che responsabilizzi i ragazzi e restituisca autorevolezza ai docenti&#8221;, dichiara il Ministro dell&#8217;Istruzione e del Merito, Giuseppe Valditara. &#8220;Ringrazio i gruppi parlamentari di maggioranza per questo importante risultato. Con la riforma, il comportamento degli studenti peser\u00e0 ai fini della valutazione complessiva del percorso scolastico e dell&#8217;ammissione agli esami di Stato. Cambia l&#8217;istituto della sospensione, vi sar\u00e0 pi\u00f9 scuola e non meno scuola per lo studente che viola le regole della civile convivenza; per i casi pi\u00f9 gravi vi sar\u00e0 l&#8217;impiego in attivit\u00e0 di cittadinanza solidale. Il nostro obiettivo \u00e8 sostenere il lavoro quotidiano dei docenti e di tutto il personale scolastico perch\u00e8 ai giovani siano chiari non solo i diritti ma anche i doveri che derivano dall&#8217;appartenere a una comunit\u00e0, a iniziare dal dovere del rispetto verso l&#8217;altro. Nella scuola Primaria &#8211; prosegue Valditara &#8211; tornano i giudizi sintetici, da ottimo a insufficiente, molto pi\u00f9 comprensibili dei precedenti livelli, miglioriamo cos\u00ec la comunicazione con le famiglie e al tempo stesso l&#8217;efficacia della valutazione. La scuola rimane il perno di un&#8217;educazione attraverso la quale si pu\u00f2 costruire una societ\u00e0 migliore. Continuiamo con orgoglio il cammino di riforme intrapreso&#8221;. &#8220;Con la riforma del voto in condotta &#8211; conclude Valditara &#8211; si ripristina l&#8217;importanza della responsabilit\u00e0 individuale, si d\u00e0 centralit\u00e0 al rispetto verso le persone e verso i beni pubblici e si rid\u00e0 autorevolezza ai docenti&#8221;.<br \/>&#8211; foto Agenzia Fotogramma &#8211;<br \/>(ITALPRESS).<\/div>\n<div id=\"div-gpt-ad-Messinaoggi.it-DSK-300x250-corpoart\" style=\"text-align:center;margin:0 auto;\"><\/div><\/p><div id=\"videoincontent\" style=\"clear:both\";><\/div>","protected":false},"excerpt":{"rendered":"<p>ROMA (ITALPRESS) &#8211; E&#8217; stata definitivamente approvata dalla Camera dei deputati la riforma della condotta e della valutazione alla Primaria.&#8220;La legge approvata dal Parlamento rappresenta un passaggio fondamentale per la costruzione di un sistema scolastico che responsabilizzi i ragazzi e restituisca autorevolezza ai docenti&#8221;, dichiara il Ministro dell&#8217;Istruzione e del Merito, Giuseppe Valditara. &#8220;Ringrazio i [&hellip;]<\/p>\n","protected":false},"author":18,"featured_media":212242,"comment_status":"closed","ping_status":"closed","sticky":false,"template":"","format":"standard","meta":{"ub_ctt_via":"","_mi_skip_tracking":false},"categories":[446],"tags":[783],"featured_image_src":"https:\/\/www.messinaoggi.it\/website\/wp-content\/uploads\/2024\/09\/20240925_0328.jpg","author_info":{"display_name":"Admin","author_link":"https:\/\/www.messinaoggi.it\/website\/author\/admin\/"},"digistream_id":0,"digistream":false,"_links":{"self":[{"href":"https:\/\/www.messinaoggi.it\/website\/wp-json\/wp\/v2\/posts\/212241"}],"collection":[{"href":"https:\/\/www.messinaoggi.it\/website\/wp-json\/wp\/v2\/posts"}],"about":[{"href":"https:\/\/www.messinaoggi.it\/website\/wp-json\/wp\/v2\/types\/post"}],"author":[{"embeddable":true,"href":"https:\/\/www.messinaoggi.it\/website\/wp-json\/wp\/v2\/users\/18"}],"replies":[{"embeddable":true,"href":"https:\/\/www.messinaoggi.it\/website\/wp-json\/wp\/v2\/comments?post=212241"}],"version-history":[{"count":0,"href":"https:\/\/www.messinaoggi.it\/website\/wp-json\/wp\/v2\/posts\/212241\/revisions"}],"wp:featuredmedia":[{"embeddable":true,"href":"https:\/\/www.messinaoggi.it\/website\/wp-json\/wp\/v2\/media\/212242"}],"wp:attachment":[{"href":"https:\/\/www.messinaoggi.it\/website\/wp-json\/wp\/v2\/media?parent=212241"}],"wp:term":[{"taxonomy":"category","embeddable":true,"href":"https:\/\/www.messinaoggi.it\/website\/wp-json\/wp\/v2\/categories?post=212241"},{"taxonomy":"post_tag","embeddable":true,"href":"https:\/\/www.messinaoggi.it\/website\/wp-json\/wp\/v2\/tags?post=212241"}],"curies":[{"name":"wp","href":"https:\/\/api.w.org\/{rel}","templated":true}]}}