{"id":21223,"date":"2018-06-27T16:09:17","date_gmt":"2018-06-27T14:09:17","guid":{"rendered":"http:\/\/www.messinaoggi.it\/website\/?p=21223"},"modified":"2018-06-27T16:09:17","modified_gmt":"2018-06-27T14:09:17","slug":"proclamati-i-nuovi-32-consiglieri-poche-conferme-e-tanti-volti-nuovi","status":"publish","type":"post","link":"https:\/\/www.messinaoggi.it\/website\/2018\/06\/27\/proclamati-i-nuovi-32-consiglieri-poche-conferme-e-tanti-volti-nuovi\/","title":{"rendered":"Proclamati i nuovi 32 consiglieri: poche conferme e tanti volti nuovi"},"content":{"rendered":"<p style=\"text-align: justify\">Aria e propositi da primo giorno di scuola anche in Consiglio Comunale, dove si \u00e8 tenuta la proclamazione dei trentadue consiglieri che popoleranno l\u2019aula nei prossimi cinque anni. Clima sereno e conviviale, nessuno sembra intimorito dal fatto di doversi confrontare con un\u2019amministrazione che, almeno ufficialmente, non ha neanche un consigliere dalla sua parte. Ovviamente tutto questo molto presto lascer\u00e0 il campo ai confronti e agli scontri politici, com\u2019\u00e8 giusto che sia. Dall\u2019altro lato c\u2019\u00e8 anche la voglia di riscattare il credito dell\u2019aula agli occhi della citt\u00e0 dopo gli ultimi tormentati cinque anni. Su trentadue, solo dieci sono i superstiti dell\u2019ultimo quinquennio, cio\u00e8 Benedetto Vaccarino, Giovanna Crif\u00f2, Libero Gioveni, Salvatore Serra, Antonella Russo, Claudio Cardile, Gaetano Gennaro, Pierluigi Parisi, Francesco Pagano e Nino Interdonato. Due, invece, i rientranti come Nello\u00a0Pergolizzi e Felice Calabr\u00f2, gi\u00e0 presenti in Consiglio ma che non centrato la riconferma nel 2013.<div id=\"div-gpt-ad-Messinaoggi.it-DSK-300x250-corpoart\" style=\"text-align:center;margin:0 auto;\"><\/div><\/p>\n<p style=\"text-align: justify\">Sotto il punto di vista strettamente politico, tiene banco l\u2019invito alla partecipazione alla vita dell\u2019amministrazione lanciato ieri da sindaco De Luca a tutta l\u2019aula, ma che gi\u00e0 avrebbe raccolto pi\u00f9 di qualche parere favorevole tra le fila del centrosinistra. Secondo Alessandro Russo, per\u00f2, ogni azione dev\u2019essere concordata con il resto della coalizione senza nessun tipo di personalismo: <em>\u201cAncora non abbiamo avuto modo di confrontarci\u00a0 &#8211; dichiara il consigliere di Libera Me \u2013 personalmente ritengo che il sindaco non debba pensare a costruire una maggioranza consolidata, ma debba crearla atto per atto con il confronto e la condivisione. Non nascondiamo che ci sono delle diversit\u00e0, ma in quest\u2019area ci sono molti esponenti che conoscono la macchina amministrativa e sanno gestirla, quindi non abbiamo posizioni negative a prescindere\u201d<\/em>.<div id=\"videoincontent\" style=\"clear:both\";><\/div><\/p>\n<div id=\"attachment_21225\" style=\"width: 310px\" class=\"wp-caption alignnone\"><img aria-describedby=\"caption-attachment-21225\" loading=\"lazy\" class=\"size-medium wp-image-21225\" src=\"http:\/\/www.messinaoggi.it\/website\/wp-content\/uploads\/2018\/06\/movimento-5-stelle-300x225.jpg\" alt=\"\" width=\"300\" height=\"225\" \/><p id=\"caption-attachment-21225\" class=\"wp-caption-text\">Il gruppo consiliare del Movimento 5 Stelle<\/p><\/div>\n<p style=\"text-align: justify\">La novit\u00e0 pi\u00f9 importante \u00e8 rappresentata dall\u2019ingresso in aula del Movimento 5 Stelle, che sar\u00e0 rappresentato da ben sette esponenti. \u00a0Andrea Argento, Serena Giannetto, Paolo Mangano e Cristina Cannistr\u00e0, Giuseppe Schepis e Francesco Cipolla. Tutti saranno guidati dal loro candidato sindaco, Gaetano Sciacca, che raccoglie l\u2019invito lanciato ieri dal sindaco De Luca a mettere da parte le ruggini ( e tra i due ce n\u2019\u00e8 stata tanta) della campagna elettorale: <em>\u201cLa citt\u00e0 ci ha dato il compito di vigilare sull\u2019operato dell\u2019amministrazione comunale, in modo serio entrando nel merito dei provvedimenti, guai a venir meno a questo mandato. Non porto rancore verso De Luca, quelle erano beghe da campagna elettorale che seguiranno il loro iter. La citt\u00e0 ha bisogno di un\u2019amministrazione capace e di un Consiglio attento, vigile e preparato\u201d<\/em>.<\/p>\n<p style=\"text-align: justify\">Tra i tanti volti nuovi del centrodestra c\u2019\u00e8 anche Salvatore Sorbello eletto nella lista Bramanti Sindaco: \u201c<em>Sono emozionato, non lo nascondo, ieri ho partecipato alla proclamazione del sindaco De Luca, un agente della Polizia Municipale mi aveva lasciato sull\u2019uscio della porta poi \u00e8 arrivato un suo collega e mi ha fatto accomodare ricordansi della mia elezione. L\u00ec ho iniziato a realizzare. Al momento il sindaco ha trentadue avversari, nel senso che teoricamente sono tutti all\u2019opposizione, com\u2019\u00e8 noto. Io all\u2019opposizione ci resto, per\u00f2 sono anche stato eletto per fare il bene della citt\u00e0 e quindi sono pronto a discutere tutti quegli atti che porteranno dei benefici alla collettivit\u00e0\u201d.<\/em><\/p>\n","protected":false},"excerpt":{"rendered":"<p>Aria e propositi da primo giorno di scuola anche in Consiglio Comunale, dove si \u00e8 tenuta la proclamazione dei trentadue consiglieri che popoleranno l\u2019aula nei prossimi cinque anni. Clima sereno e conviviale, nessuno sembra intimorito dal fatto di doversi confrontare con un\u2019amministrazione che, almeno ufficialmente, non ha neanche un consigliere dalla sua parte. Ovviamente tutto [&hellip;]<\/p>\n","protected":false},"author":14,"featured_media":21224,"comment_status":"closed","ping_status":"open","sticky":false,"template":"","format":"standard","meta":{"ub_ctt_via":"","_mi_skip_tracking":false},"categories":[6],"tags":[],"featured_image_src":"https:\/\/www.messinaoggi.it\/website\/wp-content\/uploads\/2018\/06\/consiglio-1.jpg","author_info":{"display_name":"Antonio Macauda","author_link":"https:\/\/www.messinaoggi.it\/website\/author\/a-macauda\/"},"digistream_id":0,"digistream":false,"_links":{"self":[{"href":"https:\/\/www.messinaoggi.it\/website\/wp-json\/wp\/v2\/posts\/21223"}],"collection":[{"href":"https:\/\/www.messinaoggi.it\/website\/wp-json\/wp\/v2\/posts"}],"about":[{"href":"https:\/\/www.messinaoggi.it\/website\/wp-json\/wp\/v2\/types\/post"}],"author":[{"embeddable":true,"href":"https:\/\/www.messinaoggi.it\/website\/wp-json\/wp\/v2\/users\/14"}],"replies":[{"embeddable":true,"href":"https:\/\/www.messinaoggi.it\/website\/wp-json\/wp\/v2\/comments?post=21223"}],"version-history":[{"count":0,"href":"https:\/\/www.messinaoggi.it\/website\/wp-json\/wp\/v2\/posts\/21223\/revisions"}],"wp:featuredmedia":[{"embeddable":true,"href":"https:\/\/www.messinaoggi.it\/website\/wp-json\/wp\/v2\/media\/21224"}],"wp:attachment":[{"href":"https:\/\/www.messinaoggi.it\/website\/wp-json\/wp\/v2\/media?parent=21223"}],"wp:term":[{"taxonomy":"category","embeddable":true,"href":"https:\/\/www.messinaoggi.it\/website\/wp-json\/wp\/v2\/categories?post=21223"},{"taxonomy":"post_tag","embeddable":true,"href":"https:\/\/www.messinaoggi.it\/website\/wp-json\/wp\/v2\/tags?post=21223"}],"curies":[{"name":"wp","href":"https:\/\/api.w.org\/{rel}","templated":true}]}}