{"id":212059,"date":"2024-09-24T16:51:59","date_gmt":"2024-09-24T14:51:59","guid":{"rendered":"http:\/\/www.messinaoggi.it\/website\/?p=212059"},"modified":"2024-09-24T16:54:28","modified_gmt":"2024-09-24T14:54:28","slug":"siccita-sicilia-lollobrigida-fondi-da-ue-e-governo","status":"publish","type":"post","link":"https:\/\/www.messinaoggi.it\/website\/2024\/09\/24\/siccita-sicilia-lollobrigida-fondi-da-ue-e-governo\/","title":{"rendered":"Siccit\u00e0 Sicilia, Lollobrigida: &#8220;Fondi da Ue e Governo&#8221;"},"content":{"rendered":"\n<p>Il Ministro dell&#8217;agricoltura e della sovranit\u00e0 alimentare <strong>Francesco Lollobrigida<\/strong>, a margine di un evento dell&#8217;Expo DiviNazione-24 a Ortigia, (l\u2019esposizione delle eccellenze agroalimentari allestita nel centro storico) collegato al G7 Agricoltura e Pesca ospitato dalla cittadina siciliana, ha annunciato con soddisfazione lo stanziamento di <strong>37,4 milioni di euro<\/strong> dal Parlamento europeo per affrontare le conseguenze della siccit\u00e0 sul territorio nazionale, cofinanziabili da fondi nazionali. &#8220;Aggiungeremo <strong>74,8 milioni di euro<\/strong>&#8221; da parte del Governo, ha aggiunto il Ministro.<div id=\"div-gpt-ad-Messinaoggi.it-DSK-300x250-corpoart\" style=\"text-align:center;margin:0 auto;\"><\/div><\/p>\n\n\n\n<p>L&#8217;occasione \u00e8 stata utile per chiarire i criteri di assegnazione dei fondi, &#8220;che saranno ripartiti tra le varie regioni&#8221; e per annunciare che una parte di questi andr\u00e0 proprio alla Sicilia, in accordo con il Governo Schifani.<div id=\"videoincontent\" style=\"clear:both\";><\/div><\/p>\n\n\n\n<p>&#8220;\u00c8 un risultato che l&#8217;Italia porta a casa e mette a disposizione delle proprie imprese e dei propri cittadini&#8221; ha affermato Lollobrigida.<\/p>\n\n\n\n<p>&#8220;La Sicilia \u00e8 alle prese con la siccit\u00e0 e con il ministro Lollobrigida lavoriamo fianco a fianco in questi mesi per affrontare questo problema. Si tratta di un evento straordinario che si coniuga con la mutazione climatica alla quale ci dobbiamo abituare. Ormai il clima \u00e8 irreversibilmente cambiato e su questo non possiamo intervenire, quindi dobbiamo considerare questa situazione come ordinaria, adeguando i nostri sistemi di risposta e le nostre infrastrutture. La responsabilit\u00e0 delle istituzioni \u00e8 fare in modo che i cittadini siano tutelati in maniera completa da questi eventi&#8221; aveva detto il presidente della Regione siciliana <strong>Renato Schifani<\/strong> in questi giorni durante il talk condotto dal giornalista <strong>Bruno Vespa<\/strong> in occasione dell\u2019inaugurazione di DiviNazione-Expo 24.<\/p>\n\n\n\n<p>&#8220;Abbiamo trovato una Sicilia &#8211; aveva approfondito Schifani &#8211; nella quale i dissalatori non funzionavano da tanti anni, ora stiamo riattivando quelli di Gela, Porto Empedocle e Trapani investendo 90 milioni di euro. Ma va considerato anche il tema delle procedure con le regole fissate da norme nazionali. Per accelerare gli iter ho chiesto al governo Meloni di adottare per i dissalatori il \u201cModello Genova\u201d, cio\u00e8 di poter andare in deroga alle procedure farraginose, altrimenti i tempi saranno troppo lunghi. Stiamo lavorando anche per utilizzare l\u2019acqua proveniente dalla depurazione per usi irrigui, perch\u00e9 l\u2019agricoltura sta vivendo momenti difficili e stiamo stati costretti a fare un&#8217;irrigazione di emergenza per salvare non tanto i frutti delle coltivazioni ma almeno la piante. La volont\u00e0 di sinergia \u00e8 fortissima, si sta facendo sistema a tutti i livelli istituzionali&#8221;.<\/p>\n\n\n\n<p>Questa \u00e8 una notizia importante anche per Messina, perch\u00e9 una parte di questi fondi alla Sicilia dovr\u00e0 spettare anche alla citt\u00e0 dello Stretto, per affrontare i disagi arrecati dall&#8217;emergenza idrica e, possibilmente, prevenire quelli che ci saranno inevitabilmente in futuro. <\/p>\n\n\n\n<p><strong>Michele Bruno.<\/strong><\/p>\n","protected":false},"excerpt":{"rendered":"<p>Il Ministro dell&#8217;agricoltura e della sovranit\u00e0 alimentare Francesco Lollobrigida, a margine di un evento dell&#8217;Expo DiviNazione-24 a Ortigia, (l\u2019esposizione delle eccellenze agroalimentari allestita nel centro storico) collegato al G7 Agricoltura e Pesca ospitato dalla cittadina siciliana, ha annunciato con soddisfazione lo stanziamento di 37,4 milioni di euro dal Parlamento europeo per affrontare le conseguenze della [&hellip;]<\/p>\n","protected":false},"author":123457,"featured_media":212063,"comment_status":"open","ping_status":"open","sticky":false,"template":"","format":"standard","meta":{"ub_ctt_via":"","_mi_skip_tracking":false},"categories":[4,6],"tags":[4622,5930,5431,1817,179,10293,3397],"featured_image_src":"https:\/\/www.messinaoggi.it\/website\/wp-content\/uploads\/2024\/09\/Lollobrigida_pagina.png","author_info":{"display_name":"Michele Bruno","author_link":"https:\/\/www.messinaoggi.it\/website\/author\/michele-bruno\/"},"digistream_id":0,"digistream":false,"_links":{"self":[{"href":"https:\/\/www.messinaoggi.it\/website\/wp-json\/wp\/v2\/posts\/212059"}],"collection":[{"href":"https:\/\/www.messinaoggi.it\/website\/wp-json\/wp\/v2\/posts"}],"about":[{"href":"https:\/\/www.messinaoggi.it\/website\/wp-json\/wp\/v2\/types\/post"}],"author":[{"embeddable":true,"href":"https:\/\/www.messinaoggi.it\/website\/wp-json\/wp\/v2\/users\/123457"}],"replies":[{"embeddable":true,"href":"https:\/\/www.messinaoggi.it\/website\/wp-json\/wp\/v2\/comments?post=212059"}],"version-history":[{"count":4,"href":"https:\/\/www.messinaoggi.it\/website\/wp-json\/wp\/v2\/posts\/212059\/revisions"}],"predecessor-version":[{"id":212065,"href":"https:\/\/www.messinaoggi.it\/website\/wp-json\/wp\/v2\/posts\/212059\/revisions\/212065"}],"wp:featuredmedia":[{"embeddable":true,"href":"https:\/\/www.messinaoggi.it\/website\/wp-json\/wp\/v2\/media\/212063"}],"wp:attachment":[{"href":"https:\/\/www.messinaoggi.it\/website\/wp-json\/wp\/v2\/media?parent=212059"}],"wp:term":[{"taxonomy":"category","embeddable":true,"href":"https:\/\/www.messinaoggi.it\/website\/wp-json\/wp\/v2\/categories?post=212059"},{"taxonomy":"post_tag","embeddable":true,"href":"https:\/\/www.messinaoggi.it\/website\/wp-json\/wp\/v2\/tags?post=212059"}],"curies":[{"name":"wp","href":"https:\/\/api.w.org\/{rel}","templated":true}]}}