{"id":21203,"date":"2018-06-27T11:16:07","date_gmt":"2018-06-27T09:16:07","guid":{"rendered":"http:\/\/www.messinaoggi.it\/website\/?p=21203"},"modified":"2018-06-27T11:16:07","modified_gmt":"2018-06-27T09:16:07","slug":"a-novara-di-sicilia-la-i-edizione-del-noafest-manifestazione-per-la-cultura-della-terra-e-della-pace","status":"publish","type":"post","link":"https:\/\/www.messinaoggi.it\/website\/2018\/06\/27\/a-novara-di-sicilia-la-i-edizione-del-noafest-manifestazione-per-la-cultura-della-terra-e-della-pace\/","title":{"rendered":"A Novara di Sicilia la I\u00b0 edizione del NoaFest, manifestazione  per la Cultura della Terra e della Pace"},"content":{"rendered":"<p>Estate, tempo di festival e kermesse dai temi pi\u00f9 disparati, ed anche il bellissimo borgo di Novara di Sicilia fa sentire la sua presenza dedicando una due giorni ad un tema di forte impatto sociale; la cultura della Terra e della Pace.<br \/>\nProprio a Novara, infatti, nelle giornate di sabato e domenica avr\u00e0 luogo la I\u00b0 edizione\u00a0 \u00a0del NoAFest manifestazione per la Cultura della Terra e della Pace. L\u2019evento, organizzato dal Comune di Novara, in in collaborazione con \u00a0\u00a0l&#8217;associazione novarese l&#8217;Impegno e BCsicilia associazione per la salvaguardia e valorizzazione dei beni culturali, si propone l\u2019obiettivo di sensibilizzare l&#8217;opinione pubblica alle tematiche ecologiche e pacifiste.<br \/>\n<img loading=\"lazy\" class=\"size-medium wp-image-21205\" src=\"http:\/\/www.messinaoggi.it\/website\/wp-content\/uploads\/2018\/06\/NOA-FEST-2-300x225.jpg\" alt=\"\" width=\"300\" height=\"225\" \/><br \/>\nLa domenica inizier\u00e0 con il rito del grano che prevede la raccolta manuale dei grani antichi, a seguire pranzo sociale a base di prodotti a km 0 . Nel pomeriggio il seminario &#8221; immigrazione integrazione e nuove schiavit\u00f9 &#8221; tenuto dal Prof. Andrea Nucita &#8211; Universit\u00e0 di Messina presidente della Comunit\u00e0 di Sant&#8217;Egidio, introdurr\u00e0 Alfonso Lo Cascio presidente regionale BCsicilia. La giornata si concluder\u00e0 con la visita al mulino ad acqua seicentesco &#8221; Giorginaro&#8221; e la degustazione del &#8221; Pane Cunzatu&#8221; di tumminia.<br \/>\nNel corso degli eventi domenicali verranno esposte due installazioni dell\u2019artista Stello Quartarone: \u201cI fiori racconteranno il nostro passaggio\u201d e \u201cI bambini del mondo amano giocare per la libert\u00e0\u201d . Il programma \u00e8 consultabile sul sito del comune.<br \/>\nUn evento da non perdere dunque per riscoprire i grandi valori e l\u2019importanza della natura nella quotidianit\u00e0 di tutti i giorni.<br \/>\n <br \/>\n <br \/>\n <div id=\"div-gpt-ad-Messinaoggi.it-DSK-300x250-corpoart\" style=\"text-align:center;margin:0 auto;\"><\/div><\/p>\n<div id=\"videoincontent\" style=\"clear:both\";><\/div>","protected":false},"excerpt":{"rendered":"<p>Estate, tempo di festival e kermesse dai temi pi\u00f9 disparati, ed anche il bellissimo borgo di Novara di Sicilia fa sentire la sua presenza dedicando una due giorni ad un tema di forte impatto sociale; la cultura della Terra e della Pace. Proprio a Novara, infatti, nelle giornate di sabato e domenica avr\u00e0 luogo la [&hellip;]<\/p>\n","protected":false},"author":5,"featured_media":21204,"comment_status":"closed","ping_status":"open","sticky":false,"template":"","format":"standard","meta":{"ub_ctt_via":"","_mi_skip_tracking":false},"categories":[16],"tags":[],"featured_image_src":"https:\/\/www.messinaoggi.it\/website\/wp-content\/uploads\/2018\/06\/NOA-FEST-1-1.jpg","author_info":{"display_name":"Maria Antonella Saia","author_link":"https:\/\/www.messinaoggi.it\/website\/author\/m-saia\/"},"digistream_id":0,"digistream":false,"_links":{"self":[{"href":"https:\/\/www.messinaoggi.it\/website\/wp-json\/wp\/v2\/posts\/21203"}],"collection":[{"href":"https:\/\/www.messinaoggi.it\/website\/wp-json\/wp\/v2\/posts"}],"about":[{"href":"https:\/\/www.messinaoggi.it\/website\/wp-json\/wp\/v2\/types\/post"}],"author":[{"embeddable":true,"href":"https:\/\/www.messinaoggi.it\/website\/wp-json\/wp\/v2\/users\/5"}],"replies":[{"embeddable":true,"href":"https:\/\/www.messinaoggi.it\/website\/wp-json\/wp\/v2\/comments?post=21203"}],"version-history":[{"count":0,"href":"https:\/\/www.messinaoggi.it\/website\/wp-json\/wp\/v2\/posts\/21203\/revisions"}],"wp:featuredmedia":[{"embeddable":true,"href":"https:\/\/www.messinaoggi.it\/website\/wp-json\/wp\/v2\/media\/21204"}],"wp:attachment":[{"href":"https:\/\/www.messinaoggi.it\/website\/wp-json\/wp\/v2\/media?parent=21203"}],"wp:term":[{"taxonomy":"category","embeddable":true,"href":"https:\/\/www.messinaoggi.it\/website\/wp-json\/wp\/v2\/categories?post=21203"},{"taxonomy":"post_tag","embeddable":true,"href":"https:\/\/www.messinaoggi.it\/website\/wp-json\/wp\/v2\/tags?post=21203"}],"curies":[{"name":"wp","href":"https:\/\/api.w.org\/{rel}","templated":true}]}}