{"id":211972,"date":"2024-09-24T10:39:09","date_gmt":"2024-09-24T08:39:09","guid":{"rendered":"http:\/\/www.messinaoggi.it\/website\/?p=211972"},"modified":"2024-09-24T10:39:10","modified_gmt":"2024-09-24T08:39:10","slug":"messina-destinata-a-diventare-unisola-deserta","status":"publish","type":"post","link":"https:\/\/www.messinaoggi.it\/website\/2024\/09\/24\/messina-destinata-a-diventare-unisola-deserta\/","title":{"rendered":"Messina destinata a diventare un&#8217;isola&#8230; deserta"},"content":{"rendered":"\n<p>L\u2019assessore Salvatore Mondello prosegue dritto per la sua strada. La sua, non quella dei cittadini e soprattutto dei commercianti, messi in ginocchio da scelte quantomeno discutibili. La rivoluzione della mobilit\u00e0 urbana segna un\u2019altra tappa di un percorso i cui risultati \u2013 dice Mondello \u2013 si vedranno solo nel lungo periodo.<div id=\"div-gpt-ad-Messinaoggi.it-DSK-300x250-corpoart\" style=\"text-align:center;margin:0 auto;\"><\/div><\/p>\n\n\n\n<p>Un ragionamento che non fa una grinza, ma occorre puntualizzare che nel breve periodo si stanno vedendo gli effetti: chiudono i cosiddetti negozi di prossimit\u00e0. I locali commerciali sfitti ne sono la prova lampante.<div id=\"videoincontent\" style=\"clear:both\";><\/div><\/p>\n\n\n\n<p>L\u2019assessore Mondello ha come modello di riferimento le grandi capitali del Nord Europa, dove gli effetti della politica green si stanno vedendo solo adesso. Economia in crisi e tasso di disoccupazione in forte crescita. Se il modello di riferimento \u00e8 questo, allora c\u2019\u00e8 da aspettarsi fra qualche anno un effetto analogo, con il commercio locale messo in ginocchio.<\/p>\n\n\n\n<p>La notizia di oggi \u00e8 la nuova isola pedonale di viale San Martino (parte bassa), dove si dar\u00e0 spazio ai pedoni per un percorso che giunge fino a piazza Duomo. I negozianti temeva che ci\u00f2 accadesse, ma adesso dopo che l\u2019argomento \u00e8 stato riesumato in Commissione consiliare \u00e8 lecito attendersi che l\u2019amministrazione comunale vada avanti per la propria strada.<\/p>\n\n\n\n<p>Mondello assicura che i risultati si vedranno nel lungo periodo, ma ci\u00f2 non fa il gioco di un\u2019amministrazione che ambisce a sottoporsi al giudizio degli elettori fra due anni e mezzo. Sia chiaro, qualcosa di buono \u00e8 stata fatta in termini di viabilit\u00e0, ma questo non giustifica la pervicacia con la quale Palazzo Zanca intende \u201cregimentare\u201d i messinesi inducendoli a non pi\u00f9 utilizzare la automobili. Ma ad ogni caso ci vuole un limite e riteniamo che Mondello e i suoi lo abbiamo superato abbondantemente.<\/p>\n","protected":false},"excerpt":{"rendered":"<p>L\u2019assessore Salvatore Mondello prosegue dritto per la sua strada. La sua, non quella dei cittadini e soprattutto dei commercianti, messi in ginocchio da scelte quantomeno discutibili. La rivoluzione della mobilit\u00e0 urbana segna un\u2019altra tappa di un percorso i cui risultati \u2013 dice Mondello \u2013 si vedranno solo nel lungo periodo. Un ragionamento che non fa [&hellip;]<\/p>\n","protected":false},"author":2,"featured_media":21852,"comment_status":"open","ping_status":"open","sticky":false,"template":"","format":"standard","meta":{"ub_ctt_via":"","_mi_skip_tracking":false},"categories":[19],"tags":[5118,1897,2406,79],"featured_image_src":"https:\/\/www.messinaoggi.it\/website\/wp-content\/uploads\/2018\/07\/mondello-1.jpg","author_info":{"display_name":"Redazione","author_link":"https:\/\/www.messinaoggi.it\/website\/author\/redazione\/"},"digistream_id":0,"digistream":false,"_links":{"self":[{"href":"https:\/\/www.messinaoggi.it\/website\/wp-json\/wp\/v2\/posts\/211972"}],"collection":[{"href":"https:\/\/www.messinaoggi.it\/website\/wp-json\/wp\/v2\/posts"}],"about":[{"href":"https:\/\/www.messinaoggi.it\/website\/wp-json\/wp\/v2\/types\/post"}],"author":[{"embeddable":true,"href":"https:\/\/www.messinaoggi.it\/website\/wp-json\/wp\/v2\/users\/2"}],"replies":[{"embeddable":true,"href":"https:\/\/www.messinaoggi.it\/website\/wp-json\/wp\/v2\/comments?post=211972"}],"version-history":[{"count":1,"href":"https:\/\/www.messinaoggi.it\/website\/wp-json\/wp\/v2\/posts\/211972\/revisions"}],"predecessor-version":[{"id":211973,"href":"https:\/\/www.messinaoggi.it\/website\/wp-json\/wp\/v2\/posts\/211972\/revisions\/211973"}],"wp:featuredmedia":[{"embeddable":true,"href":"https:\/\/www.messinaoggi.it\/website\/wp-json\/wp\/v2\/media\/21852"}],"wp:attachment":[{"href":"https:\/\/www.messinaoggi.it\/website\/wp-json\/wp\/v2\/media?parent=211972"}],"wp:term":[{"taxonomy":"category","embeddable":true,"href":"https:\/\/www.messinaoggi.it\/website\/wp-json\/wp\/v2\/categories?post=211972"},{"taxonomy":"post_tag","embeddable":true,"href":"https:\/\/www.messinaoggi.it\/website\/wp-json\/wp\/v2\/tags?post=211972"}],"curies":[{"name":"wp","href":"https:\/\/api.w.org\/{rel}","templated":true}]}}