{"id":211887,"date":"2024-09-23T14:46:29","date_gmt":"2024-09-23T12:46:29","guid":{"rendered":"http:\/\/www.messinaoggi.it\/website\/?p=211887"},"modified":"2024-09-23T14:49:21","modified_gmt":"2024-09-23T12:49:21","slug":"crisi-idrica-infinita-centro-e-nord-ancora-in-difficolta","status":"publish","type":"post","link":"https:\/\/www.messinaoggi.it\/website\/2024\/09\/23\/crisi-idrica-infinita-centro-e-nord-ancora-in-difficolta\/","title":{"rendered":"Crisi idrica infinita, centro e nord ancora in difficolt\u00e0"},"content":{"rendered":"\n<p>Da oggi la gestione del servizio idrico e delle eventuali emergenze passa dal Coc ad Amam, per quello che l&#8217;amministrazione Basile ha definito &#8220;il ritorno alla normalit\u00e0&#8221; dopo le sofferenze dei mesi estivi. <div id=\"div-gpt-ad-Messinaoggi.it-DSK-300x250-corpoart\" style=\"text-align:center;margin:0 auto;\"><\/div><\/p>\n\n\n\n<p>Tuttavia i disagi continuano ad esserci e la crisi idrica non completamente archiviata. Quello pi\u00f9 in difficolt\u00e0 \u00e8 sicuramente il Quartiere Lombardo, con molte case a secco o con poca acqua. Una zona della citt\u00e0 che ha avuto problemi per tutta la durata dell&#8217;emergenza estiva. In centro a soffrire ci sono anche il Viale Europa, Via La Farina, il ponte di Gazzi, Villaggio Aldisio, Valle degli Ageli, Via Liguria, Via Siracusa, Via Toscana. <div id=\"videoincontent\" style=\"clear:both\";><\/div><\/p>\n\n\n\n<p>Problemi spesso dovuti alla scarsa pressione, con i piani pi\u00f9 alti che non ricevono acqua. A Gazzi addirittura sgorga dai rubinetti, in diverse abitazioni, acqua marrone o arancione. Una situazione simile a quella del Parco Rosa, a Provinciale, segnalata nei giorni scorsi ad Amam, che ha fatto le analisi del caso. Sette palazzine con 66 famiglie con bambini e anziani, dove \u00e8 stata confermata la \u201cnon conformit\u00e0\u201d delle acque. <\/p>\n\n\n\n<p>Amam cerca di monitorare le varie situazioni, ma non riesce a dare soluzione definitiva al problema, se non inviando autobotti che possono soltanto aiutare e tamponare. <\/p>\n\n\n\n<p>A secco anche la zona nord, non esente da questa amara condizione.<\/p>\n\n\n\n<p> Insomma, siamo davvero tornati alla normalit\u00e0? Il problema \u00e8 certamente regionale e strutturale, anche se spesso definito per consuetudine come emergenza. Le soluzioni vanno trovate a livello nazionale e siciliano, ma non sempre la gestione messinese ha trovato il modo di limitare il disagio vissuto da tanti cittadini. Bisogna dunque fare di pi\u00f9, organizzarsi meglio e cercare di ottenere soluzioni nell&#8217;interlocuzione con il Governo Schifani e Meloni. <\/p>\n","protected":false},"excerpt":{"rendered":"<p>Da oggi la gestione del servizio idrico e delle eventuali emergenze passa dal Coc ad Amam, per quello che l&#8217;amministrazione Basile ha definito &#8220;il ritorno alla normalit\u00e0&#8221; dopo le sofferenze dei mesi estivi. Tuttavia i disagi continuano ad esserci e la crisi idrica non completamente archiviata. Quello pi\u00f9 in difficolt\u00e0 \u00e8 sicuramente il Quartiere Lombardo, [&hellip;]<\/p>\n","protected":false},"author":123457,"featured_media":152421,"comment_status":"open","ping_status":"open","sticky":false,"template":"","format":"standard","meta":{"ub_ctt_via":"","_mi_skip_tracking":false},"categories":[5,6],"tags":[95,8313,1080,9796,10161,5555],"featured_image_src":"https:\/\/www.messinaoggi.it\/website\/wp-content\/uploads\/2023\/04\/acqua-rubinetto-3-2-420x252-1.jpg","author_info":{"display_name":"Michele Bruno","author_link":"https:\/\/www.messinaoggi.it\/website\/author\/michele-bruno\/"},"digistream_id":0,"digistream":false,"_links":{"self":[{"href":"https:\/\/www.messinaoggi.it\/website\/wp-json\/wp\/v2\/posts\/211887"}],"collection":[{"href":"https:\/\/www.messinaoggi.it\/website\/wp-json\/wp\/v2\/posts"}],"about":[{"href":"https:\/\/www.messinaoggi.it\/website\/wp-json\/wp\/v2\/types\/post"}],"author":[{"embeddable":true,"href":"https:\/\/www.messinaoggi.it\/website\/wp-json\/wp\/v2\/users\/123457"}],"replies":[{"embeddable":true,"href":"https:\/\/www.messinaoggi.it\/website\/wp-json\/wp\/v2\/comments?post=211887"}],"version-history":[{"count":2,"href":"https:\/\/www.messinaoggi.it\/website\/wp-json\/wp\/v2\/posts\/211887\/revisions"}],"predecessor-version":[{"id":211889,"href":"https:\/\/www.messinaoggi.it\/website\/wp-json\/wp\/v2\/posts\/211887\/revisions\/211889"}],"wp:featuredmedia":[{"embeddable":true,"href":"https:\/\/www.messinaoggi.it\/website\/wp-json\/wp\/v2\/media\/152421"}],"wp:attachment":[{"href":"https:\/\/www.messinaoggi.it\/website\/wp-json\/wp\/v2\/media?parent=211887"}],"wp:term":[{"taxonomy":"category","embeddable":true,"href":"https:\/\/www.messinaoggi.it\/website\/wp-json\/wp\/v2\/categories?post=211887"},{"taxonomy":"post_tag","embeddable":true,"href":"https:\/\/www.messinaoggi.it\/website\/wp-json\/wp\/v2\/tags?post=211887"}],"curies":[{"name":"wp","href":"https:\/\/api.w.org\/{rel}","templated":true}]}}