{"id":211858,"date":"2024-09-23T13:48:50","date_gmt":"2024-09-23T11:48:50","guid":{"rendered":"http:\/\/www.messinaoggi.it\/website\/?p=211858"},"modified":"2024-09-23T13:48:53","modified_gmt":"2024-09-23T11:48:53","slug":"cesare-cremonini-al-franco-scoglio-ce-la-data","status":"publish","type":"post","link":"https:\/\/www.messinaoggi.it\/website\/2024\/09\/23\/cesare-cremonini-al-franco-scoglio-ce-la-data\/","title":{"rendered":"Cesare Cremonini al Franco Scoglio, c&#8217;\u00e8 la data"},"content":{"rendered":"\n<p>Ufficializzata oggi, luned\u00ec 23 settembre 2024, la tappa a Messina del cantante <strong>Cesare Cremonini<\/strong> che si esibir\u00e0 il <strong>28 giugno<\/strong> <strong>2025<\/strong>, allo stadio Franco Scoglio.<div id=\"div-gpt-ad-Messinaoggi.it-DSK-300x250-corpoart\" style=\"text-align:center;margin:0 auto;\"><\/div><\/p>\n\n\n\n<p>\u201cL\u2019artista Cremonini va ad arricchire la programmazione estiva 2025 degli appuntamenti promossi dall\u2019Amministrazione comunale che render\u00e0 il mese di giugno una full immersion di musica a Messina\u201d.\u00a0\u00c8 quanto dichiarano il sindaco di Messina<strong> Federico Basile e <\/strong>l\u2019assessore ai grandi<strong> <\/strong>eventi<strong> Massimo Finocchiaro.<\/strong><div id=\"videoincontent\" style=\"clear:both\";><\/div><\/p>\n\n\n\n<p>\u201cDa poco tempo \u00e8 calato il sipario di questa stagione estiva ricca di concerti e di eventi sportivi e culturali in Citt\u00e0, e con lo stesso entusiasmo e voglia di fare siamo gi\u00e0 al lavoro per Messina Citt\u00e0 della Musica e degli Eventi, targata 2025. Aprir\u00e0 la kermesse allo stadio Scoglio, Vasco Rossi con la doppia esibizione gi\u00e0 annunciata del 21 e 22 giugno, appena arricchita dal concerto dell\u2019artista bolognese Cesare Cremonini. Apprendiamo con piacere\u00a0<strong>\u2013 <\/strong>aggiungono Basile e Finocchiaro<strong> &#8211;\u00a0<\/strong>che ancora una volta Messina si conferma unica tappa per la Sicilia, dove, l\u2019artista bolognese ritorna a distanza di quasi sette anni, con uno show di musica, parole e immagini da brani al pianoforte a quelli pi\u00f9 allegri per far viaggiare gli spettatori nei loro ricordi pi\u00f9 belli. Il nostro obiettivo \u00e8 offrire al pubblico momenti di divertimento attraverso la musica che diventa strumento di aggregazione, di inclusione, cultura e condivisione con gli altri, oltre ad un ritorno di immagine e di crescita della nostra Citt\u00e0 sotto il profilo sociale, turistico ed economico\u201d.<\/p>\n\n\n\n<p>L\u2019evento patrocinato dal Comune di Messina \u00e8 affidato all\u2019organizzazione del promoter di spettacoli in Sicilia <strong>Carmelo Costa<\/strong>, che torna a ribadire un 2025 pieno di grandi concerti, degni dei 50 anni della sua attivit\u00e0 \u201cMessina si dimostra sempre di pi\u00f9 capitale della Musica del Sud Italia, il prossimo anno con due concerti di Vasco, due di Mengoni e quello di Cremonini accoglieremo nella Citt\u00e0 dello Stretto oltre 170mila persone, una grande sfida che la Musica da Bere S.r.l. ha raccolto e che va preparata insieme con il Comune di Messina in ogni minimo dettaglio. Sar\u00e0 una stagione che rester\u00e0 nella Storia della Musica in Sicilia\u201d,\u00a0afferma Costa.<\/p>\n\n\n\n<p>In contemporanea all\u2019annuncio del tour 2025, esceil nuovo singolo di Cremonini\u00a0<strong>\u201c<em>Ora che non ho pi\u00f9 te<\/em>\u201d<\/strong>\u00a0disponibile su tutte le piattaforme digitali e gi\u00e0 trasmesso dai principali network radiofonici. Il ritorno dal vivo nel 2025 sar\u00e0 uno straordinario tour negli stadi di tutta Italia, il pi\u00f9 grande della sua carriera, in cui porter\u00e0 la sua musica per la prima volta anche allo stadio San Filippo di Messina, dove non si \u00e8 mai esibito.\u00a0\u201cOra che non ho pi\u00f9 te\u201d \u00e8 una canzone reale\u00a0<strong>\u2013 <\/strong>spiega\u00a0l\u2019artista<strong>\u00a0<\/strong>&#8211; l\u2019ho scelta come apripista perch\u00e9 ha rappresentato una svolta dal punto di vista della produzione musicale e un voltapagina nella mia vita. Non \u00e8 un ricordo che voglio ritorni, \u00e8 un\u2019esperienza che deve diventare biografia, tornando libera. Credo sia importante abbandonare le cose nel momento in cui ti \u00e8 permesso, \u00e8 inutile chiudere una relazione, un\u2019amicizia, un rapporto di lavoro, qualunque pezzo della tua vita, prima del dovuto, prima che sia il momento. Esiste un passato nella canzone, esiste un amore finito, ma esiste anche una nuova vita da affrontare per me e per chi era con me. Il nuovo singolo rappresentail sipario che si apre su un progetto fatto di tante scenografie che sveler\u00f2 canzone dopo canzone. In questo brano c\u2019\u00e8 tutta la voglia di tornare a parlare un linguaggio pi\u00f9 reale, delle cose che vivo, senza nascondermi. Sto attaccato alla vita: lavoro, viaggio, conosco, mi butto nelle esperienze. Anche le scelte musicali rispecchiano questo atteggiamento, \u00e8 un brano che vuole farti cantare, urlare, ballare con i piedi per terra\u00bb.<\/p>\n\n\n\n<p>I biglietti saranno in vendita a partire da venerd\u00ec prossimo, 27 settembre, in tutti i punti fisici autorizzati ed online nei Circuiti:<\/p>\n\n\n\n<ul><li>Box Office Sicilia: <a href=\"http:\/\/www.ctbox.it\/\">ctbox.it<\/a>; tel. 0957225340<\/li><li>Ticketone: <a href=\"http:\/\/www.ticketone.it\/\">ticketone.it<\/a>; tel. 892101<\/li><li>Ticketmaster: <a href=\"http:\/\/www.ticketmaster.it\/\">ticketmaster.it<\/a>;<\/li><li>Vivaticket: <a href=\"http:\/\/www.vivaticket.it\/\">vivaticket.it<\/a>;<\/li><\/ul>\n\n\n\n<p>I biglietti delle Tribune (A, B, C) saranno tutti venduti a posti numerati su pianta, per un pi\u00f9 ordinato e comodo afflusso del pubblico, mentre \u00e8 confermata la oramai abituale divisione del manto erboso nei due settori \u201cPRATO GOLD\u201d e \u201cPRATO\u201d con posti in piedi.\u00a0Per gli acquisti online sar\u00e0 possibile optare per la \u201cstampa da casa\u201d che permette la stampa diretta del titolo d\u2019ingresso che agevola l\u2019accesso ai cancelli dello Stadio senza ulteriori cambi o adempimenti.\u00a0Per l\u2019acquisto dei biglietti per disabili, con ingresso dedicato e posto in Tribuna B, occorre inviare una mail a\u00a0<a href=\"mailto:disabili.messina2025@gmail.com\">disabili.messina2025@gmail.com<\/a>; allegando l\u2019attestazione di disabilit\u00e0 al 100% con eventuale attestazione di indennit\u00e0 di accompagnamento: il riscontro verr\u00e0 dato tre mesi prima del concerto via mail.<\/p>\n","protected":false},"excerpt":{"rendered":"<p>Ufficializzata oggi, luned\u00ec 23 settembre 2024, la tappa a Messina del cantante Cesare Cremonini che si esibir\u00e0 il 28 giugno 2025, allo stadio Franco Scoglio. \u201cL\u2019artista Cremonini va ad arricchire la programmazione estiva 2025 degli appuntamenti promossi dall\u2019Amministrazione comunale che render\u00e0 il mese di giugno una full immersion di musica a Messina\u201d.\u00a0\u00c8 quanto dichiarano il [&hellip;]<\/p>\n","protected":false},"author":15,"featured_media":211885,"comment_status":"open","ping_status":"open","sticky":false,"template":"","format":"standard","meta":{"ub_ctt_via":"","_mi_skip_tracking":false},"categories":[6,17],"tags":[10477,147,142,1638,10478,2516,5730,390],"featured_image_src":"https:\/\/www.messinaoggi.it\/website\/wp-content\/uploads\/2024\/09\/cremonini-e1727092117573.png","author_info":{"display_name":"red.me","author_link":"https:\/\/www.messinaoggi.it\/website\/author\/red-me\/"},"digistream_id":0,"digistream":false,"_links":{"self":[{"href":"https:\/\/www.messinaoggi.it\/website\/wp-json\/wp\/v2\/posts\/211858"}],"collection":[{"href":"https:\/\/www.messinaoggi.it\/website\/wp-json\/wp\/v2\/posts"}],"about":[{"href":"https:\/\/www.messinaoggi.it\/website\/wp-json\/wp\/v2\/types\/post"}],"author":[{"embeddable":true,"href":"https:\/\/www.messinaoggi.it\/website\/wp-json\/wp\/v2\/users\/15"}],"replies":[{"embeddable":true,"href":"https:\/\/www.messinaoggi.it\/website\/wp-json\/wp\/v2\/comments?post=211858"}],"version-history":[{"count":2,"href":"https:\/\/www.messinaoggi.it\/website\/wp-json\/wp\/v2\/posts\/211858\/revisions"}],"predecessor-version":[{"id":211860,"href":"https:\/\/www.messinaoggi.it\/website\/wp-json\/wp\/v2\/posts\/211858\/revisions\/211860"}],"wp:featuredmedia":[{"embeddable":true,"href":"https:\/\/www.messinaoggi.it\/website\/wp-json\/wp\/v2\/media\/211885"}],"wp:attachment":[{"href":"https:\/\/www.messinaoggi.it\/website\/wp-json\/wp\/v2\/media?parent=211858"}],"wp:term":[{"taxonomy":"category","embeddable":true,"href":"https:\/\/www.messinaoggi.it\/website\/wp-json\/wp\/v2\/categories?post=211858"},{"taxonomy":"post_tag","embeddable":true,"href":"https:\/\/www.messinaoggi.it\/website\/wp-json\/wp\/v2\/tags?post=211858"}],"curies":[{"name":"wp","href":"https:\/\/api.w.org\/{rel}","templated":true}]}}