{"id":21184,"date":"2018-06-26T20:25:26","date_gmt":"2018-06-26T18:25:26","guid":{"rendered":"http:\/\/www.messinaoggi.it\/website\/?p=21184"},"modified":"2018-06-26T20:25:26","modified_gmt":"2018-06-26T18:25:26","slug":"applausi-e-responsabilita-adesso-testa-bassa-e-lavorare","status":"publish","type":"post","link":"https:\/\/www.messinaoggi.it\/website\/2018\/06\/26\/applausi-e-responsabilita-adesso-testa-bassa-e-lavorare\/","title":{"rendered":"Applausi e responsabilit\u00e0, adesso testa bassa e lavorare"},"content":{"rendered":"<p style=\"text-align: justify\">Camicia bianca\u00a0 e giacca nera, a spezzare una cravatta sgargiante gialla e rossa, i colori della Sicilia. Cos\u00ec Cateno De Luca davanti alla Commissione Elettorale centrale, che alle 17,18 del 26 giugno lo nomina ufficialmente sindaco del Comune di Messina. Poi un discorso di 40 minuti, ogni tanto interrotto da una serie di applausi scroscianti arrivati dalla platea che ha affollato sia il piano inferiore che quello superiore della sala consiliare. Parole sentite, chiare, dette a tratti con tono ecumenico, ma che di fatto sanciscono il triplice fischio di una campagna elettorale aspra, accesa, fatta di accuse e controaccuse, repliche e controrepliche, un marasma che di fatto ha alimentato il fuoco di chi ha visto in De Luca l\u2019uomo della svolta, del cambiamento, nonostante la rivoluzione accorintiana si sia fermata agli slogan di sessantottina memoria.<div id=\"div-gpt-ad-Messinaoggi.it-DSK-300x250-corpoart\" style=\"text-align:center;margin:0 auto;\"><\/div><\/p>\n<p style=\"text-align: justify\"><img loading=\"lazy\" class=\"alignnone size-medium wp-image-21187\" src=\"http:\/\/www.messinaoggi.it\/website\/wp-content\/uploads\/2018\/06\/pubblico-300x169.jpg\" alt=\"\" width=\"300\" height=\"169\" \/><div id=\"videoincontent\" style=\"clear:both\";><\/div><\/p>\n<p style=\"text-align: justify\">La campagna elettorale \u00e8 una cosa, i cinque anni di amministrazione sono un\u2019altra cosa, ecco il messaggio recapitato da De Luca ai numerosi consiglieri comunali venuti ad assistere alla proclamazione, prima che lo stesso sindaco prendesse possesso della sua stanza, accompagnato dalla moglie Giusi e dai suoi figli. Mai come in questo caso, pu\u00f2 essere attribuito il detto \u201ctesta bassa e pedalare\u201d, perch\u00e9 il difficile per De Luca e la sua Giunta viene proprio adesso. Al nuovo sindaco i messinesi non chiedono altro che avere una citt\u00e0 normale, in cui i rifiuti vengono raccolti e smaltiti in modo efficiente, le strade vengono asfaltate con regolarit\u00e0 e l\u2019apparato comunale garantisca servizi senza diventare per il cittadino un inesplorabile labirinto. Politicamente, De Luca si \u00e8 giocato la carta del consigliere partecipato, una specie di assessore ombra.<\/p>\n<p style=\"text-align: justify\">Qualsiasi esponente del consiglio comunale pu\u00f2 trovare un settore a cui dedicarsi e avanzare le proprie proposte, una mossa che da qui ai prossimi dieci giorni, domani sar\u00e0 proclamato il nuovo civico consesso in attesa del giuramento, potrebbe portare incoraggianti sviluppi per l\u2019amministrazione alla ricerca di una solida maggioranza in aula. Anzi, a giudicare dalla massiccia presenza dei consiglieri del centrosinistra che sono venuti ad assistere alla proclamazione di De Luca, qualcosa probabilmente si \u00e8 gi\u00e0 mosso. Per dovere di cronaca, occorre ricordare come anche Accorinti inizi\u00f2 parlando di \u201c40 consiglieri\u201d al suo servizio, salvo poi etichettarli come <em>\u201ccerta gente\u201d<\/em> in diretta nazionale in pieno marasma Gettonopoli. Rispetto al recente passato, per\u00f2, De Luca si presenta come un sindaco onnipresente e accentratore, tanto da promettere appuntamenti anche alle 4 del mattino.<\/p>\n<p style=\"text-align: justify\">L\u2019aver riservato per se le deleghe al Bilancio e\u00a0 alle Partecipate rappresenta un segnale ben preciso, molto diverso dal suo predecessore che ormai aveva lasciato nelle mani degli assessori e del Segretario Generale l\u2019intera macchina amministrativa. L\u2019impressione \u00e8 che da qui in avanti la citt\u00e0 di Messina possa conoscere un De Luca diverso, meno aggressivo e borderline ma pi\u00f9 istituzionale. In fondo la campagna elettorale, adesso, \u00e8 davvero finita.<\/p>\n","protected":false},"excerpt":{"rendered":"<p>Camicia bianca\u00a0 e giacca nera, a spezzare una cravatta sgargiante gialla e rossa, i colori della Sicilia. Cos\u00ec Cateno De Luca davanti alla Commissione Elettorale centrale, che alle 17,18 del 26 giugno lo nomina ufficialmente sindaco del Comune di Messina. Poi un discorso di 40 minuti, ogni tanto interrotto da una serie di applausi scroscianti [&hellip;]<\/p>\n","protected":false},"author":14,"featured_media":21186,"comment_status":"closed","ping_status":"open","sticky":false,"template":"","format":"standard","meta":{"ub_ctt_via":"","_mi_skip_tracking":false},"categories":[6],"tags":[],"featured_image_src":"https:\/\/www.messinaoggi.it\/website\/wp-content\/uploads\/2018\/06\/de-luca-sindaco-1.jpg","author_info":{"display_name":"Antonio Macauda","author_link":"https:\/\/www.messinaoggi.it\/website\/author\/a-macauda\/"},"digistream_id":0,"digistream":false,"_links":{"self":[{"href":"https:\/\/www.messinaoggi.it\/website\/wp-json\/wp\/v2\/posts\/21184"}],"collection":[{"href":"https:\/\/www.messinaoggi.it\/website\/wp-json\/wp\/v2\/posts"}],"about":[{"href":"https:\/\/www.messinaoggi.it\/website\/wp-json\/wp\/v2\/types\/post"}],"author":[{"embeddable":true,"href":"https:\/\/www.messinaoggi.it\/website\/wp-json\/wp\/v2\/users\/14"}],"replies":[{"embeddable":true,"href":"https:\/\/www.messinaoggi.it\/website\/wp-json\/wp\/v2\/comments?post=21184"}],"version-history":[{"count":0,"href":"https:\/\/www.messinaoggi.it\/website\/wp-json\/wp\/v2\/posts\/21184\/revisions"}],"wp:featuredmedia":[{"embeddable":true,"href":"https:\/\/www.messinaoggi.it\/website\/wp-json\/wp\/v2\/media\/21186"}],"wp:attachment":[{"href":"https:\/\/www.messinaoggi.it\/website\/wp-json\/wp\/v2\/media?parent=21184"}],"wp:term":[{"taxonomy":"category","embeddable":true,"href":"https:\/\/www.messinaoggi.it\/website\/wp-json\/wp\/v2\/categories?post=21184"},{"taxonomy":"post_tag","embeddable":true,"href":"https:\/\/www.messinaoggi.it\/website\/wp-json\/wp\/v2\/tags?post=21184"}],"curies":[{"name":"wp","href":"https:\/\/api.w.org\/{rel}","templated":true}]}}