{"id":211685,"date":"2024-09-21T11:44:56","date_gmt":"2024-09-21T09:44:56","guid":{"rendered":"http:\/\/www.messinaoggi.it\/website\/?p=211685"},"modified":"2024-09-21T11:47:09","modified_gmt":"2024-09-21T09:47:09","slug":"fondi-pinqua-oteri-gestiti-dal-sindaco-o-da-scurria","status":"publish","type":"post","link":"https:\/\/www.messinaoggi.it\/website\/2024\/09\/21\/fondi-pinqua-oteri-gestiti-dal-sindaco-o-da-scurria\/","title":{"rendered":"Fondi Pinqua, Oteri: &#8220;Gestiti dal sindaco o da Scurria?&#8221;"},"content":{"rendered":"\n<p>Il consigliere del Gruppo misto del Consiglio Comunale di Messina, Cosimo Oteri, si interroga sulla gestione dei fondi Pinqua a Messina e prepara una richiesta di seduta straordinaria in aula, una volta raccolte le adesioni dei colleghi e richiede che della vicenda sia informato anche il Commissario per il Risanamento, il presidente della Regione Renato Schifani.<div id=\"div-gpt-ad-Messinaoggi.it-DSK-300x250-corpoart\" style=\"text-align:center;margin:0 auto;\"><\/div><\/p>\n\n\n\n<p>&#8220;Chi gestisce e attua i fondi Pinqua, il Programma Innovativo Nazionale per la Qualit\u00e0 dell&#8217;Abitare, destinati a Messina? L&#8217;amministrazione Basile o il subcommissario per il Risanamento Marcello Scurria?&#8221; Esordisce Oteri. <div id=\"videoincontent\" style=\"clear:both\";><\/div><\/p>\n\n\n\n<p>\u201cIn quanto soggetto attuatore &#8211; spiega Oteri &#8211; il Comune ha ottenuto il finanziamento del progetto pilota PINQUA per l&#8217;Annunziata e Camaro Sottomontgna, mentre quello presentato per il rione Giostra, stando a quanto dichiara il vicesindaco Salvatore Mondello in risposta alla mia interrogazione del 14 maggio scorso, \u00e8 stato dichiarato ammissibile ma non in posizione utile per finanziamento\u201d.<\/p>\n\n\n\n<figure class=\"wp-block-image size-large\"><img loading=\"lazy\" width=\"900\" height=\"900\" src=\"http:\/\/www.messinaoggi.it\/website\/wp-content\/uploads\/2023\/04\/Foto-Consigliere-Oteri.jpg\" alt=\"\" class=\"wp-image-149752\" srcset=\"https:\/\/www.messinaoggi.it\/website\/wp-content\/uploads\/2023\/04\/Foto-Consigliere-Oteri.jpg 900w, https:\/\/www.messinaoggi.it\/website\/wp-content\/uploads\/2023\/04\/Foto-Consigliere-Oteri-300x300.jpg 300w, https:\/\/www.messinaoggi.it\/website\/wp-content\/uploads\/2023\/04\/Foto-Consigliere-Oteri-150x150.jpg 150w, https:\/\/www.messinaoggi.it\/website\/wp-content\/uploads\/2023\/04\/Foto-Consigliere-Oteri-768x768.jpg 768w\" sizes=\"(max-width: 900px) 100vw, 900px\" \/><figcaption>Cosimo Oteri <\/figcaption><\/figure>\n\n\n\n<p>&#8220;Per quanto riguarda invece Bisconte e Fondo Fucile. Dopo le indagini geognostiche del giugno 2023, a fine marzo scorso sono consegnati i progetti esecutivi, mentre a luglio si \u00e8 tenuta la conferenza dei servizi tra il subcommissario Scurria e il Genio civile, nel corso della quale si \u00e8 previsto l&#8217;avvio lavori per la met\u00e0 di ottobre prossimo&#8221; spiega il consigliere.<\/p>\n\n\n\n<p>\u201cLa settimana prossima chieder\u00f2 un Consiglio straordinario per fare chiarezza sulla gestione dei fondi PINQUA e su chi decide come destinarli -annuncia Oteri &#8211; . Pretendo chiarezza anche sui progetti in fase programmazione quali Bisconte e Fondo Fucile. In particolare, riguardo a quest&#8217;ultimo, sono contrario alla costruzione di palazzine nuove come previsto. Anche se i nuovi alloggi non dovessero incidere sull&#8217;intera area da risanare, visto che la zona \u00e8 gi\u00e0 circondata da immobili di edilizia residenziale e popolare, un&#8217;ulteriore cementificazione sarebbe una scelta priva di senso, mentre sarebbe bello poter dare a quella fetta di popolazione un&#8217;area verde degna di nota invece di aggiungere cemento al cemento&#8221;.<\/p>\n\n\n\n<p>&#8220;Il rischio di creare agglomerati urbani per ex baraccati (vedi le famigerate Vele di Scampia, per la maggior parte delle quali, visto il fallimento dell&#8217;operazione, \u00e8 previsto l&#8217;abbattimento) \u00e8 reale &#8211; conclude Oteri &#8211; e comporterebbe solo l&#8217;ennesima ghettizzazione di persone che hanno come unica colpa quella di essere nate nella parte sbagliata della citt\u00e0\u201d.<\/p>\n\n\n\n<p><\/p>\n","protected":false},"excerpt":{"rendered":"<p>Il consigliere del Gruppo misto del Consiglio Comunale di Messina, Cosimo Oteri, si interroga sulla gestione dei fondi Pinqua a Messina e prepara una richiesta di seduta straordinaria in aula, una volta raccolte le adesioni dei colleghi e richiede che della vicenda sia informato anche il Commissario per il Risanamento, il presidente della Regione Renato [&hellip;]<\/p>\n","protected":false},"author":15,"featured_media":2169,"comment_status":"open","ping_status":"open","sticky":false,"template":"","format":"standard","meta":{"ub_ctt_via":"","_mi_skip_tracking":false},"categories":[4,6],"tags":[1300,897,704,2759,5984,2972,9554,1197,249,3375,642],"featured_image_src":"https:\/\/www.messinaoggi.it\/website\/wp-content\/uploads\/2017\/06\/baracche-messina-2.jpg","author_info":{"display_name":"red.me","author_link":"https:\/\/www.messinaoggi.it\/website\/author\/red-me\/"},"digistream_id":0,"digistream":false,"_links":{"self":[{"href":"https:\/\/www.messinaoggi.it\/website\/wp-json\/wp\/v2\/posts\/211685"}],"collection":[{"href":"https:\/\/www.messinaoggi.it\/website\/wp-json\/wp\/v2\/posts"}],"about":[{"href":"https:\/\/www.messinaoggi.it\/website\/wp-json\/wp\/v2\/types\/post"}],"author":[{"embeddable":true,"href":"https:\/\/www.messinaoggi.it\/website\/wp-json\/wp\/v2\/users\/15"}],"replies":[{"embeddable":true,"href":"https:\/\/www.messinaoggi.it\/website\/wp-json\/wp\/v2\/comments?post=211685"}],"version-history":[{"count":5,"href":"https:\/\/www.messinaoggi.it\/website\/wp-json\/wp\/v2\/posts\/211685\/revisions"}],"predecessor-version":[{"id":211690,"href":"https:\/\/www.messinaoggi.it\/website\/wp-json\/wp\/v2\/posts\/211685\/revisions\/211690"}],"wp:featuredmedia":[{"embeddable":true,"href":"https:\/\/www.messinaoggi.it\/website\/wp-json\/wp\/v2\/media\/2169"}],"wp:attachment":[{"href":"https:\/\/www.messinaoggi.it\/website\/wp-json\/wp\/v2\/media?parent=211685"}],"wp:term":[{"taxonomy":"category","embeddable":true,"href":"https:\/\/www.messinaoggi.it\/website\/wp-json\/wp\/v2\/categories?post=211685"},{"taxonomy":"post_tag","embeddable":true,"href":"https:\/\/www.messinaoggi.it\/website\/wp-json\/wp\/v2\/tags?post=211685"}],"curies":[{"name":"wp","href":"https:\/\/api.w.org\/{rel}","templated":true}]}}