{"id":21167,"date":"2018-06-26T18:00:52","date_gmt":"2018-06-26T16:00:52","guid":{"rendered":"http:\/\/www.messinaoggi.it\/website\/?p=21167"},"modified":"2018-06-26T18:00:52","modified_gmt":"2018-06-26T16:00:52","slug":"de-luca-proclamato-sindaco-offerta-ai-consiglieri-la-delega-al-governo","status":"publish","type":"post","link":"https:\/\/www.messinaoggi.it\/website\/2018\/06\/26\/de-luca-proclamato-sindaco-offerta-ai-consiglieri-la-delega-al-governo\/","title":{"rendered":"De Luca proclamato sindaco, offerta ai consiglieri la &quot;delega al governo&quot;"},"content":{"rendered":"<p>Cateno De Luca \u00e8 stato proclamato sindaco della citt\u00e0 di Messina. I punti nevralgici del discorso pronunciato dal nuovo inquilino di Palazzo Zanca.<br \/>\n<em>Non vedevo l&#8217;ora che arrivasse il momento della proclamazione. Sar\u00e0 un&#8217;Amministrazione comunale che coinvolger\u00e0 tutta la comunit\u00e0 e il consiglio comunale e che vuole portare avanti la rivoluzione che voi avete voluto e di cui io sar\u00f2 portatore quotidiano. Questa Giunta vuole concretizzare l&#8217;azione prospettata nel nostro programma. <\/em><br \/>\nNovit\u00e0 assoluta la proposta rivolta al consiglio comunale di realizzare un contratto di collaborazione, che potrebbe persino conferire maggiori poteri agli stessi consiglieri nella forma di una delega al governo di specifiche materie di competenza.<div id=\"div-gpt-ad-Messinaoggi.it-DSK-300x250-corpoart\" style=\"text-align:center;margin:0 auto;\"><\/div><\/p>\n<p style=\"text-align: justify\"><em>Ho chiesto la presenza dei consiglieri comunali eletti che domani verranno ufficialmente proclamati.\u00a0Io da domani desidero incontrare tutti, uno ad uno perch\u00e9 ho l&#8217;urgenza di definire tutte le varie fasi del programma amministrativo che abbiamo sottoposto alla comunit\u00e0. Dobbiamo fare un contratto alla luce del sole, non chiedo nessuna transumanza politica, sono eletto come sindaco trasversale senza alcun colore politico e tale rester\u00f2. Sar\u00e0 un accordo per la citt\u00e0 che ha votato un programma con un sindaco e la Giunta, ora insieme ai consiglieri eletti dobbiamo declinarne le fasi. Sono disponibile ad assegnare delle deleghe di governo ai consiglieri comunali: se lo Statuto non lo prevede lo introdurremo, sar\u00e0 la figura del consigliere comunale delegato. Vogliamo una svolta radicale storica, un messaggio chiaro che lancio ai consiglieri, non me ne vogliano i partiti. Ho preso atto che la citt\u00e0 ha voluto un contraltare alla figura di un sindaco forte e deciso, lo ha stabilito non dando nessun elemento alle nostre liste ma affidando ai singoli consiglieri questo compito.\u00a0Un messaggio che va colto in buona fede tanto \u00e8 vero che lo sto facendo davanti a tutta la citt\u00e0. Non faccio parte di quella categoria che opera per conquistare e acquistare consiglieri come soldatini, questa fase con me \u00e8 finita. Chi vuole accettare questa sfida lo far\u00e0 alla luce del sole. I rapporti che ognuno dei consiglieri vuole intraprendere con le segreterie dei partiti non mi riguardano perch\u00e9 non devono intralciare il percorso del sindaco De Luca. Il\u00a0 mio desiderio \u00e8 quello di arrivare all&#8217;insediamento del consiglio comunale e all&#8217;elezione dei propri organi, pronti per lavorare. Le fasi andranno coordinate, governeremo insieme, chi vorr\u00e0 un ruolo in pi\u00f9 lo potr\u00e0 svolgere con questa delega che vi permetter\u00e0 di seguire in modo attivo la materia che sceglier\u00e0.\u00a0<\/em><div id=\"videoincontent\" style=\"clear:both\";><\/div><\/p>\n<p>Il neo sindaco ha annunciato che il primo step sar\u00e0 incontrare il Presidente del tribunale e dell&#8217;Ordine degli avvocati per sbloccare quello che definisce un immenso paradosso, l&#8217;indecisione sulla realizzazione del PalaGiustizia. Inoltre a breve verranno definiti i canali di comunicazione con Palazzo Zanca, in modo da assicurare un costante contatto con la cittadinanza.<br \/>\nNon sono mancati i ringraziamenti e l&#8217;appello ad un generale ridimensionamento dei toni e ad un lavoro collettivo per il bene della citt\u00e0.<\/p>\n<p style=\"text-align: justify\"><em>Ringrazio tutti, in particolare giovani, uomini e donne,chi in una partita cos\u00ec delicata ci ha messo la faccia, in una citt\u00e0 dove spesso non ti viene perdonato il fatto che tu abbia manifestato il tuo pensiero.\u00a0 Sogno una maggiore libert\u00e0, sicuramente io per primo dovr\u00f2 cercare di imparare ad abbassare i toni, sono uno che spesso va fuori le righe, non so se sia positivo o negativo, non voglio giustificarmi ma non sono stati facili questi ultimi 7 anni della mia vita. Chiedo a tutti di abbassare i toni perch\u00e9 \u00e8 stata una campagna elettorale vivace che per\u00f2 ha avuto un esito netto e per questo non serve continuare. Chi \u00e8 andato oltre la campagna elettorale \u00e8 gi\u00e0 stato sonoramente punito. Ognuno di noi deve dare l&#8217;esempio, amare Messina non \u00e8 uno slogan ma si fa attuando un determinato comportamento nel contesto in cui ci si trova. Io far\u00f2 la mia parte ma prego tutti voi di fare la vostra.\u00a0<\/em><\/p>\n<p> <\/p>\n","protected":false},"excerpt":{"rendered":"<p>Cateno De Luca \u00e8 stato proclamato sindaco della citt\u00e0 di Messina. I punti nevralgici del discorso pronunciato dal nuovo inquilino di Palazzo Zanca. Non vedevo l&#8217;ora che arrivasse il momento della proclamazione. Sar\u00e0 un&#8217;Amministrazione comunale che coinvolger\u00e0 tutta la comunit\u00e0 e il consiglio comunale e che vuole portare avanti la rivoluzione che voi avete voluto [&hellip;]<\/p>\n","protected":false},"author":6,"featured_media":21172,"comment_status":"closed","ping_status":"open","sticky":false,"template":"","format":"standard","meta":{"ub_ctt_via":"","_mi_skip_tracking":false},"categories":[19,4],"tags":[],"featured_image_src":"https:\/\/www.messinaoggi.it\/website\/wp-content\/uploads\/2018\/06\/WhatsApp-Image-2018-06-26-at-18.00.54-1.jpeg","author_info":{"display_name":"Redazione MessinaOggi.it","author_link":"https:\/\/www.messinaoggi.it\/website\/author\/p-vinci\/"},"digistream_id":0,"digistream":false,"_links":{"self":[{"href":"https:\/\/www.messinaoggi.it\/website\/wp-json\/wp\/v2\/posts\/21167"}],"collection":[{"href":"https:\/\/www.messinaoggi.it\/website\/wp-json\/wp\/v2\/posts"}],"about":[{"href":"https:\/\/www.messinaoggi.it\/website\/wp-json\/wp\/v2\/types\/post"}],"author":[{"embeddable":true,"href":"https:\/\/www.messinaoggi.it\/website\/wp-json\/wp\/v2\/users\/6"}],"replies":[{"embeddable":true,"href":"https:\/\/www.messinaoggi.it\/website\/wp-json\/wp\/v2\/comments?post=21167"}],"version-history":[{"count":0,"href":"https:\/\/www.messinaoggi.it\/website\/wp-json\/wp\/v2\/posts\/21167\/revisions"}],"wp:featuredmedia":[{"embeddable":true,"href":"https:\/\/www.messinaoggi.it\/website\/wp-json\/wp\/v2\/media\/21172"}],"wp:attachment":[{"href":"https:\/\/www.messinaoggi.it\/website\/wp-json\/wp\/v2\/media?parent=21167"}],"wp:term":[{"taxonomy":"category","embeddable":true,"href":"https:\/\/www.messinaoggi.it\/website\/wp-json\/wp\/v2\/categories?post=21167"},{"taxonomy":"post_tag","embeddable":true,"href":"https:\/\/www.messinaoggi.it\/website\/wp-json\/wp\/v2\/tags?post=21167"}],"curies":[{"name":"wp","href":"https:\/\/api.w.org\/{rel}","templated":true}]}}