{"id":21145,"date":"2018-06-26T11:09:54","date_gmt":"2018-06-26T09:09:54","guid":{"rendered":"http:\/\/www.messinaoggi.it\/website\/?p=21145"},"modified":"2018-06-26T11:09:54","modified_gmt":"2018-06-26T09:09:54","slug":"atm-i-sindacati-chiedono-tavolo-tecnico-con-de-luca-ce-ancora-tanto-da-fare","status":"publish","type":"post","link":"https:\/\/www.messinaoggi.it\/website\/2018\/06\/26\/atm-i-sindacati-chiedono-tavolo-tecnico-con-de-luca-ce-ancora-tanto-da-fare\/","title":{"rendered":"Atm, i sindacati chiedono tavolo tecnico con De Luca: &quot;C&#039;\u00e8 ancora tanto da fare&quot;"},"content":{"rendered":"<p lang=\"it-IT\"><span style=\"font-family: Arial, sans-serif\">Andare avanti nel risanamento e nella riorganizzazione dell&#8217;azienda trasporti gi\u00e0 da tempo iniziata per fornire un servizio sempre pi\u00f9 efficiente all&#8217;utenza. \u00c8 quanto chiedono in sostanza i sindacati dei trasporti Filt Cgil e Uiltrasporti alla nuova amministrazione comunale. In tal senso, risulta fondamentale secondo le due sigle sindacali l&#8217;apertura di un tavolo tecnico permanente con il neosindaco De Luca e il nuovo assessore al ramo Salvatore Mondello: \u201c<i>Apriamo da subito un tavolo di confronto sulla partecipata Atm e sui progetti della nuova amministrazione legati alla mobilit\u00e0 cittadina<\/i>\u201d, si legge in una nota congiunta.<\/span><div id=\"div-gpt-ad-Messinaoggi.it-DSK-300x250-corpoart\" style=\"text-align:center;margin:0 auto;\"><\/div><\/p>\n<p lang=\"it-IT\">\u201c<span style=\"font-family: Arial, sans-serif\"><i>Risanamento economico finanziario, meritocrazia, salvaguardia occupazionale e stabilizzazioni del precariato ancora esistente sono gli obiettivi su cui puntiamo in Atm <\/i>&#8211; dichiarano Filt Cgil e Uiltrasporti &#8211;<i> senza preconcetti siamo aperti al dialogo convinti che si voglia lavorare assieme nell&#8217;unico interesse della citt\u00e0 e dei lavoratori, per cui chiusa la campagna elettorale chiediamo al nuovo sindaco e all&#8217;assessore al ramo di confrontarci sul programma legato alla mobilit\u00e0 cittadina e all&#8217;azienda trasporti per la quale occorre con urgenza verificare e incontrarsi su piano industriale e contratto di servizio entrambi recentemente scaduti.<\/i><\/span><div id=\"videoincontent\" style=\"clear:both\";><\/div><\/p>\n<p lang=\"it-IT\">\u201c<span style=\"font-family: Arial, sans-serif\"><i>L&#8217;Atm oggi \u00e8 sicuramente un&#8217;azienda pi\u00f9 solida ed efficiente rispetto a pochi anni fa quando servizio e stipendi ai dipendenti erano costantemente a rischio <\/i>&#8211; continuano Filt e Uilt &#8211;<i> ma c&#8217;\u00e8 ancora tanto da fare e siamo certi che la nuova amministrazione far\u00e0 tesoro dei passi avanti fatti in questi anni con il sacrificio e senso di responsabilit\u00e0 di tanti lavoratori e dalle forze sindacali e vorr\u00e0 continuare da subito il confronto nel rispetto di ruoli e competenze e per questo come sindacati confederali di categoria proponiamo al neo assessore l&#8217;istituzione di un tavolo permanente di confronto e concertazione per assicurare la massima partecipazione delle forze sociali responsabili alle future scelte nel settore della nuova amministrazione e fare fronte unico anche verso la Regione al fine di tutelare sempre meglio gli interessi delle nostre aziende e del territorio<\/i>\u201d.<\/span><\/p>\n","protected":false},"excerpt":{"rendered":"<p>Andare avanti nel risanamento e nella riorganizzazione dell&#8217;azienda trasporti gi\u00e0 da tempo iniziata per fornire un servizio sempre pi\u00f9 efficiente all&#8217;utenza. \u00c8 quanto chiedono in sostanza i sindacati dei trasporti Filt Cgil e Uiltrasporti alla nuova amministrazione comunale. In tal senso, risulta fondamentale secondo le due sigle sindacali l&#8217;apertura di un tavolo tecnico permanente con [&hellip;]<\/p>\n","protected":false},"author":8,"featured_media":5141,"comment_status":"closed","ping_status":"open","sticky":false,"template":"","format":"standard","meta":{"ub_ctt_via":"","_mi_skip_tracking":false},"categories":[4],"tags":[],"featured_image_src":"https:\/\/www.messinaoggi.it\/website\/wp-content\/uploads\/2017\/07\/bus-atm-2.jpg","author_info":{"display_name":"red..me","author_link":"https:\/\/www.messinaoggi.it\/website\/author\/redstage\/"},"digistream_id":0,"digistream":false,"_links":{"self":[{"href":"https:\/\/www.messinaoggi.it\/website\/wp-json\/wp\/v2\/posts\/21145"}],"collection":[{"href":"https:\/\/www.messinaoggi.it\/website\/wp-json\/wp\/v2\/posts"}],"about":[{"href":"https:\/\/www.messinaoggi.it\/website\/wp-json\/wp\/v2\/types\/post"}],"author":[{"embeddable":true,"href":"https:\/\/www.messinaoggi.it\/website\/wp-json\/wp\/v2\/users\/8"}],"replies":[{"embeddable":true,"href":"https:\/\/www.messinaoggi.it\/website\/wp-json\/wp\/v2\/comments?post=21145"}],"version-history":[{"count":0,"href":"https:\/\/www.messinaoggi.it\/website\/wp-json\/wp\/v2\/posts\/21145\/revisions"}],"wp:featuredmedia":[{"embeddable":true,"href":"https:\/\/www.messinaoggi.it\/website\/wp-json\/wp\/v2\/media\/5141"}],"wp:attachment":[{"href":"https:\/\/www.messinaoggi.it\/website\/wp-json\/wp\/v2\/media?parent=21145"}],"wp:term":[{"taxonomy":"category","embeddable":true,"href":"https:\/\/www.messinaoggi.it\/website\/wp-json\/wp\/v2\/categories?post=21145"},{"taxonomy":"post_tag","embeddable":true,"href":"https:\/\/www.messinaoggi.it\/website\/wp-json\/wp\/v2\/tags?post=21145"}],"curies":[{"name":"wp","href":"https:\/\/api.w.org\/{rel}","templated":true}]}}