{"id":21119,"date":"2018-06-25T18:37:39","date_gmt":"2018-06-25T16:37:39","guid":{"rendered":"http:\/\/www.messinaoggi.it\/website\/?p=21119"},"modified":"2018-06-25T18:37:39","modified_gmt":"2018-06-25T16:37:39","slug":"basket-a2-sindoni-ripartiamo-compatti","status":"publish","type":"post","link":"https:\/\/www.messinaoggi.it\/website\/2018\/06\/25\/basket-a2-sindoni-ripartiamo-compatti\/","title":{"rendered":"Basket A2, Sindoni: &quot;Ripartiamo compatti&quot;"},"content":{"rendered":"<p style=\"text-align: justify\">Orgoglio, passione e professionalit\u00e0. Capo d\u2019Orlando riparte da questi elementi, in quella che si preannuncia come una stagione impegnativa. A dare un\u2019idea dell\u2019impronta che l\u2019Orlandina vuole dare al prossimo campionato \u00e8 il General Manager della societ\u00e0 di Via Beppe Alfano, Peppe Sindoni.<div id=\"div-gpt-ad-Messinaoggi.it-DSK-300x250-corpoart\" style=\"text-align:center;margin:0 auto;\"><\/div><\/p>\n<p style=\"text-align: justify\"><em>\u00abE\u2019 un momento cruciale per l\u2019Orlandina Basket e la sua gente. Nei momenti difficili tocca compattarsi e dimostrare di tenerci davvero. Un passo indietro \u00e8 la migliore occasione per tirare un respiro forte e ripartire. Vogliamo proseguire il nostro percorso di trasformazione in azienda sportiva che mira alla sostenibilit\u00e0 totale. I modelli di successo nello sport professionistico sono tanti e ci indicano la strada. Non possiamo dimenticare che in quattro anni di Serie A abbiamo ritoccato per quattro volte il record negativo di incassi da botteghino della storia della massima serie, troppo spesso si \u00e8 dato per scontato l\u2019apporto economico della famiglia Sindoni. Ma pi\u00f9 che piangerci addosso dobbiamo lavorare per un futuro con tifosi pi\u00f9 numerosi e consapevoli della dimensione e degli obiettivi del club. In A2 vogliamo fare bene e centrare uno dei primi cinque posti del nostro girone\u00bb.<\/em><div id=\"videoincontent\" style=\"clear:both\";><\/div><\/p>\n<p style=\"text-align: justify\">L\u2019Orlandina ripartir\u00e0 da una struttura, societaria e tcnica, che manterr\u00e0 lo stesso livello qualitativo:\u00a0<em>\u00abLa struttura non verr\u00e0 intaccata. Cambieremo delle figure ma lo standard di professionalizzazione rester\u00e0 uguale. Siamo ai dettagli con l\u2019allenatore che pi\u00f9 di tutti ha voluto Capo d\u2019Orlando. Un allenatore di alto profilo che migliora i giocatori e non si limita a gestirli. Puntiamo a costruire un quintetto di alto livello con una panchina giovane e funzionale che pu\u00f2 gi\u00e0 contare su due tasselli importanti come Donda e Lagan\u00e0\u00bb.<\/em><\/p>\n","protected":false},"excerpt":{"rendered":"<p>Orgoglio, passione e professionalit\u00e0. Capo d\u2019Orlando riparte da questi elementi, in quella che si preannuncia come una stagione impegnativa. A dare un\u2019idea dell\u2019impronta che l\u2019Orlandina vuole dare al prossimo campionato \u00e8 il General Manager della societ\u00e0 di Via Beppe Alfano, Peppe Sindoni. \u00abE\u2019 un momento cruciale per l\u2019Orlandina Basket e la sua gente. Nei momenti [&hellip;]<\/p>\n","protected":false},"author":6,"featured_media":3455,"comment_status":"closed","ping_status":"open","sticky":false,"template":"","format":"standard","meta":{"ub_ctt_via":"","_mi_skip_tracking":false},"categories":[9],"tags":[],"featured_image_src":"https:\/\/www.messinaoggi.it\/website\/wp-content\/uploads\/2017\/06\/giuseppe-sindoni-diesse-betaland-2.jpg","author_info":{"display_name":"Redazione MessinaOggi.it","author_link":"https:\/\/www.messinaoggi.it\/website\/author\/p-vinci\/"},"digistream_id":0,"digistream":false,"_links":{"self":[{"href":"https:\/\/www.messinaoggi.it\/website\/wp-json\/wp\/v2\/posts\/21119"}],"collection":[{"href":"https:\/\/www.messinaoggi.it\/website\/wp-json\/wp\/v2\/posts"}],"about":[{"href":"https:\/\/www.messinaoggi.it\/website\/wp-json\/wp\/v2\/types\/post"}],"author":[{"embeddable":true,"href":"https:\/\/www.messinaoggi.it\/website\/wp-json\/wp\/v2\/users\/6"}],"replies":[{"embeddable":true,"href":"https:\/\/www.messinaoggi.it\/website\/wp-json\/wp\/v2\/comments?post=21119"}],"version-history":[{"count":0,"href":"https:\/\/www.messinaoggi.it\/website\/wp-json\/wp\/v2\/posts\/21119\/revisions"}],"wp:featuredmedia":[{"embeddable":true,"href":"https:\/\/www.messinaoggi.it\/website\/wp-json\/wp\/v2\/media\/3455"}],"wp:attachment":[{"href":"https:\/\/www.messinaoggi.it\/website\/wp-json\/wp\/v2\/media?parent=21119"}],"wp:term":[{"taxonomy":"category","embeddable":true,"href":"https:\/\/www.messinaoggi.it\/website\/wp-json\/wp\/v2\/categories?post=21119"},{"taxonomy":"post_tag","embeddable":true,"href":"https:\/\/www.messinaoggi.it\/website\/wp-json\/wp\/v2\/tags?post=21119"}],"curies":[{"name":"wp","href":"https:\/\/api.w.org\/{rel}","templated":true}]}}