{"id":21105,"date":"2018-06-25T12:38:37","date_gmt":"2018-06-25T10:38:37","guid":{"rendered":"http:\/\/www.messinaoggi.it\/website\/?p=21105"},"modified":"2018-06-25T12:38:37","modified_gmt":"2018-06-25T10:38:37","slug":"de-luca-visita-la-citta-metropolitana-credo-in-questo-ente-la-regione-ora-dia-le-risposte-che-la-citta-attende","status":"publish","type":"post","link":"https:\/\/www.messinaoggi.it\/website\/2018\/06\/25\/de-luca-visita-la-citta-metropolitana-credo-in-questo-ente-la-regione-ora-dia-le-risposte-che-la-citta-attende\/","title":{"rendered":"De Luca visita la Citt\u00e0 Metropolitana: &quot;Credo in questo ente, la Regione ora dia le risposte che la citt\u00e0 attende&quot;"},"content":{"rendered":"<p>Da Palazzo Zanca a Palazzo dei Leoni. Il tour dei palazzi del neosindaco Cateno De Luca prosegue, questa mattina di buon ora il primo cittadino e la sua Giunta si \u00e8 recato al Comune per conoscere i dirigenti e il Segretario Generale, Antonio Le Donne.<br \/>\nAccompagnato dalla moglie, De Luca si \u00e8 recato alla Citt\u00e0 Metropolitana, altro ente che amministrera&#8217;, almeno fino a quando non arriver\u00e0 la sentenza della Corte Costituzionale sulla riforma delle Province.<br \/>\nDe Luca non nasconde la volont\u00e0 di voler rivestire anche il ruolo di sindaco metropolitano, ma prima serve aprire un dialogo con la Regione: &#8220;Credo fortemente nella validit\u00e0 di questo Palazzo &#8211; ha dichiarato &#8211; \u00e8 importante per\u00f2 capire che destino assegnargli, la Regione su questo deve fare chiarezza. Per questo motivo ho intenzione di aprire, con i sindaci di Catania e Palermo, un tavolo di confronto con il presidente Musumeci, il quale mi augiau mostri per Messina la stessa attenzione che ha avuto in queste settimane di campagna elettorale&#8221;.<br \/>\nIl progetto per\u00f2 \u00e9 sempre quello, razionalizzazione delle risorse e semplificazione della macchina amministrativa: &#8220;Con me ha qualcosa da tenere solo chi non ha voglia di fare. Ho notato che a Palazzo Zanca c&#8217;\u00e8 sovraffollamento di risorse mentre qui c&#8217;\u00e8 il problema opposto,\u00a0 non escludo un passaggio di risorse da un palazzo all&#8217;altro&#8221;.<br \/>\nTornando alle questioni politiche, De Luca dovr\u00e0 confrontarsi con la totale assenza di consiglieri comunali a suo sostegno, ma la situazione \u00e8 in evoluzione: &#8220;Gi\u00e0 ieri sera ho annunciato che mi sono confrontato con quindici consiglieri, abbiamo valutato proposte e programmi. Non si tratta di cambi di casacca, la citt\u00e0 ne ha le tasche piene di certi discorsi. Noi abbiamo un programma, che ha dei punti in comune con quello degli altri candidati sindaco, su quello baseremo la nostra azione politica&#8221;.<br \/>\nSui primi provvedimenti, De Luca ha le idee chiare: &#8220;Gia nelle prossime ore faremo azioni di tutela igienico sanitaria come derattizzazioni e deblattizzazioni. Inoltre metteremo subito mano al regolamento per la suddivisione delle competenze comunali&#8221;.<div id=\"div-gpt-ad-Messinaoggi.it-DSK-300x250-corpoart\" style=\"text-align:center;margin:0 auto;\"><\/div><\/p>\n<div id=\"videoincontent\" style=\"clear:both\";><\/div>","protected":false},"excerpt":{"rendered":"<p>Da Palazzo Zanca a Palazzo dei Leoni. Il tour dei palazzi del neosindaco Cateno De Luca prosegue, questa mattina di buon ora il primo cittadino e la sua Giunta si \u00e8 recato al Comune per conoscere i dirigenti e il Segretario Generale, Antonio Le Donne. Accompagnato dalla moglie, De Luca si \u00e8 recato alla Citt\u00e0 [&hellip;]<\/p>\n","protected":false},"author":14,"featured_media":21108,"comment_status":"closed","ping_status":"open","sticky":false,"template":"","format":"standard","meta":{"ub_ctt_via":"","_mi_skip_tracking":false},"categories":[6],"tags":[],"featured_image_src":"https:\/\/www.messinaoggi.it\/website\/wp-content\/uploads\/2018\/06\/IMG-20180625-WA0044-1.jpg","author_info":{"display_name":"Antonio Macauda","author_link":"https:\/\/www.messinaoggi.it\/website\/author\/a-macauda\/"},"digistream_id":0,"digistream":false,"_links":{"self":[{"href":"https:\/\/www.messinaoggi.it\/website\/wp-json\/wp\/v2\/posts\/21105"}],"collection":[{"href":"https:\/\/www.messinaoggi.it\/website\/wp-json\/wp\/v2\/posts"}],"about":[{"href":"https:\/\/www.messinaoggi.it\/website\/wp-json\/wp\/v2\/types\/post"}],"author":[{"embeddable":true,"href":"https:\/\/www.messinaoggi.it\/website\/wp-json\/wp\/v2\/users\/14"}],"replies":[{"embeddable":true,"href":"https:\/\/www.messinaoggi.it\/website\/wp-json\/wp\/v2\/comments?post=21105"}],"version-history":[{"count":0,"href":"https:\/\/www.messinaoggi.it\/website\/wp-json\/wp\/v2\/posts\/21105\/revisions"}],"wp:featuredmedia":[{"embeddable":true,"href":"https:\/\/www.messinaoggi.it\/website\/wp-json\/wp\/v2\/media\/21108"}],"wp:attachment":[{"href":"https:\/\/www.messinaoggi.it\/website\/wp-json\/wp\/v2\/media?parent=21105"}],"wp:term":[{"taxonomy":"category","embeddable":true,"href":"https:\/\/www.messinaoggi.it\/website\/wp-json\/wp\/v2\/categories?post=21105"},{"taxonomy":"post_tag","embeddable":true,"href":"https:\/\/www.messinaoggi.it\/website\/wp-json\/wp\/v2\/tags?post=21105"}],"curies":[{"name":"wp","href":"https:\/\/api.w.org\/{rel}","templated":true}]}}