{"id":21089,"date":"2018-06-25T08:59:25","date_gmt":"2018-06-25T06:59:25","guid":{"rendered":"http:\/\/www.messinaoggi.it\/website\/?p=21089"},"modified":"2018-06-25T08:59:25","modified_gmt":"2018-06-25T06:59:25","slug":"de-luca-ha-gia-preso-possesso-delle-chiavi-della-citta","status":"publish","type":"post","link":"https:\/\/www.messinaoggi.it\/website\/2018\/06\/25\/de-luca-ha-gia-preso-possesso-delle-chiavi-della-citta\/","title":{"rendered":"De Luca ha gi\u00e0 preso possesso delle chiavi della citt\u00e0"},"content":{"rendered":"<p>Cateno De Luca ha gi\u00e0 preso possesso delle &#8220;chiavi&#8221; della citt\u00e0. Occhiaie evidenti, stanchezza evidente e comprensibile, cos\u00ec come la gioia e la soddisfazione per una vittoria netta, schiacciante ed inequivocabile.<br \/>\nNeanche il tempo di smaltire i postumi del successo elettorale, che Cateno De Luca si \u00e8 gia presentato a Palazzo Zanca. Insieme a lui la squadra di assessori che lo accompagner\u00e0 da qui in avanti. Poche, anzi, pochissime ore di sonno ma tanto basta per sovrastare la stanchezza.<br \/>\nAlle 7 il neosindaco e la sua Giunta hanno varcato la soglia del Comune per una prima riunione organizzativa. Oggi alle 11 De Luca si recher\u00e0 alla Citt\u00e0 Metropolitana per un saluto, in attesa della proclamazione ufficiale che dovrebbe avvenire domani mattina. Marted\u00ec pomeriggio, o al massimo mercoled\u00ec mattina, il formale passaggio di consegne con il suo predecessore, Renato Accorinti.<div id=\"div-gpt-ad-Messinaoggi.it-DSK-300x250-corpoart\" style=\"text-align:center;margin:0 auto;\"><\/div><\/p>\n<div id=\"videoincontent\" style=\"clear:both\";><\/div>","protected":false},"excerpt":{"rendered":"<p>Cateno De Luca ha gi\u00e0 preso possesso delle &#8220;chiavi&#8221; della citt\u00e0. Occhiaie evidenti, stanchezza evidente e comprensibile, cos\u00ec come la gioia e la soddisfazione per una vittoria netta, schiacciante ed inequivocabile. Neanche il tempo di smaltire i postumi del successo elettorale, che Cateno De Luca si \u00e8 gia presentato a Palazzo Zanca. Insieme a lui [&hellip;]<\/p>\n","protected":false},"author":14,"featured_media":21090,"comment_status":"closed","ping_status":"open","sticky":false,"template":"","format":"standard","meta":{"ub_ctt_via":"","_mi_skip_tracking":false},"categories":[6],"tags":[],"featured_image_src":"https:\/\/www.messinaoggi.it\/website\/wp-content\/uploads\/2018\/06\/FB_IMG_1529909301792-1.jpg","author_info":{"display_name":"Antonio Macauda","author_link":"https:\/\/www.messinaoggi.it\/website\/author\/a-macauda\/"},"digistream_id":0,"digistream":false,"_links":{"self":[{"href":"https:\/\/www.messinaoggi.it\/website\/wp-json\/wp\/v2\/posts\/21089"}],"collection":[{"href":"https:\/\/www.messinaoggi.it\/website\/wp-json\/wp\/v2\/posts"}],"about":[{"href":"https:\/\/www.messinaoggi.it\/website\/wp-json\/wp\/v2\/types\/post"}],"author":[{"embeddable":true,"href":"https:\/\/www.messinaoggi.it\/website\/wp-json\/wp\/v2\/users\/14"}],"replies":[{"embeddable":true,"href":"https:\/\/www.messinaoggi.it\/website\/wp-json\/wp\/v2\/comments?post=21089"}],"version-history":[{"count":0,"href":"https:\/\/www.messinaoggi.it\/website\/wp-json\/wp\/v2\/posts\/21089\/revisions"}],"wp:featuredmedia":[{"embeddable":true,"href":"https:\/\/www.messinaoggi.it\/website\/wp-json\/wp\/v2\/media\/21090"}],"wp:attachment":[{"href":"https:\/\/www.messinaoggi.it\/website\/wp-json\/wp\/v2\/media?parent=21089"}],"wp:term":[{"taxonomy":"category","embeddable":true,"href":"https:\/\/www.messinaoggi.it\/website\/wp-json\/wp\/v2\/categories?post=21089"},{"taxonomy":"post_tag","embeddable":true,"href":"https:\/\/www.messinaoggi.it\/website\/wp-json\/wp\/v2\/tags?post=21089"}],"curies":[{"name":"wp","href":"https:\/\/api.w.org\/{rel}","templated":true}]}}