{"id":210842,"date":"2024-09-14T11:21:17","date_gmt":"2024-09-14T09:21:17","guid":{"rendered":"http:\/\/www.messinaoggi.it\/website\/?p=210842"},"modified":"2024-09-14T11:23:35","modified_gmt":"2024-09-14T09:23:35","slug":"la-banda-di-villafranca-a-villafrati-per-un-raduno-bandistico","status":"publish","type":"post","link":"https:\/\/www.messinaoggi.it\/website\/2024\/09\/14\/la-banda-di-villafranca-a-villafrati-per-un-raduno-bandistico\/","title":{"rendered":"La Banda di Villafranca a Villafrati per un raduno bandistico"},"content":{"rendered":"\n<p>Il <strong>Corpo bandistico &#8220;S.Cecilia&#8221; Citt\u00e0 di Villafranca<\/strong> prender\u00e0 parte questo pomeriggio a un importante evento, il &#8220;Secondo Raduno Bandistico Citt\u00e0 di Villafrati&#8221;, patrocinato dal Comune del palermitano, a cui parteciperanno anche il Complesso Bandistico &#8220;Giuseppe Verdi&#8221; di Aci Sant&#8217;Antonio, il Complesso Bandistico A.C.A.M. &#8220;Giuseppe Verdi&#8221; di Ciminna, e il Complesso Bandistico &#8220;Vincenzo Bellini&#8221; Citt\u00e0 di Villafrati. Il raduno inizier\u00e0 alle 16 con la sfilata dei corpi bandistici per le vie del paese e poi proseguir\u00e0 con l&#8217;esibizione in Piazza Umberto I. <div id=\"div-gpt-ad-Messinaoggi.it-DSK-300x250-corpoart\" style=\"text-align:center;margin:0 auto;\"><\/div><\/p>\n\n\n\n<p>Si tratta di un riconoscimento per il complesso diretto dal maestro <strong>Emanuele Celona <\/strong>e presieduto da <strong>Gaetano Prochilo<\/strong>, che si unir\u00e0 ad altre realt\u00e0 siciliane simili per un bel pomeriggio di musica.<div id=\"videoincontent\" style=\"clear:both\";><\/div><\/p>\n\n\n\n<figure class=\"wp-block-image size-large\"><img loading=\"lazy\" width=\"721\" height=\"1024\" src=\"http:\/\/www.messinaoggi.it\/website\/wp-content\/uploads\/2024\/09\/IMG-20240914-WA0022-721x1024.jpg\" alt=\"\" class=\"wp-image-210846\" srcset=\"https:\/\/www.messinaoggi.it\/website\/wp-content\/uploads\/2024\/09\/IMG-20240914-WA0022-721x1024.jpg 721w, https:\/\/www.messinaoggi.it\/website\/wp-content\/uploads\/2024\/09\/IMG-20240914-WA0022-211x300.jpg 211w, https:\/\/www.messinaoggi.it\/website\/wp-content\/uploads\/2024\/09\/IMG-20240914-WA0022-768x1090.jpg 768w, https:\/\/www.messinaoggi.it\/website\/wp-content\/uploads\/2024\/09\/IMG-20240914-WA0022-1082x1536.jpg 1082w, https:\/\/www.messinaoggi.it\/website\/wp-content\/uploads\/2024\/09\/IMG-20240914-WA0022-1442x2048.jpg 1442w, https:\/\/www.messinaoggi.it\/website\/wp-content\/uploads\/2024\/09\/IMG-20240914-WA0022.jpg 1803w\" sizes=\"(max-width: 721px) 100vw, 721px\" \/><figcaption>La locandina dell&#8217;evento. <\/figcaption><\/figure>\n\n\n\n<p>L&#8217;associazione musicale e Corpo bandistico &#8220;S. Cecilia&#8221; citt\u00e0 di Villafranca Tirrena (Me) si costituisce l&#8217;11 Gennaio 2011. Attualmente \u00e8 formata da circa 40 elementi, molti dei quali sono laureati o laureandi presso il Conservatorio di Musica &#8220;A. Corelli&#8221; di Messina.  Sin dalla fondazione l\u2019associazione \u00e8 stata promotrice di eventi culturali che hanno richiamato attenzione da tutto il territorio messinese e dei comuni limitrofi. Ha organizzato manifestazioni bandistiche e concerti di vario genere in collaborazione con la corale polifonica S. Domenico di Saponara Marittima e il tenore del teatro V. Bellini di Catania, Michele Mauro. Dal 2013 al 2019 l&#8217;associazione ha organizzato rassegne musicali con la partecipazione del Corpo Musicale Madonna di Dinnammare di Larderia (Me), l&#8217;Associazione V.Bellini di S.Stefano Briga (Me), il Corpo Musicale di Pace del Mela (Me), la banda Amatori della Musica di San Filippo del Mela (Me), l&#8217;Associazione Musicale S.Cecilia citt\u00e0 di Torregrotta (Me) e l&#8217;Associazione A. Bruckner di Partinico (Pa). \u00c8 stata ospite alle rassegne organizzate dalla Fe.Ba.Si. a Randazzo (Me), Milena (Cl), Barcellona P.G. (Me), Mascali (Ct), Torregrotta (Me) San Filippo del Mela (Me) e Canicattini Bagni(Sr) ed \u00e8 ideatrice del \u201cFestival Internazionale Calvaruso in Musica\u201d ormai giunto alla VII edizione, una settimana musicale alla quale prendono solitamenteparte gruppi da camera e docenti di rilevanza nazionale ed internazionale.<\/p>\n\n\n\n<p>Emanuele Celona, nato nel 1987, \u00e8 un affermato direttore di banda, orchestra e coro, nonch\u00e9 compositore. La sua carriera musicale inizia all&#8217;et\u00e0 di tre anni, influenzato dai fratelli musicisti. Si diploma in tromba nel 2006 presso il Conservatorio &#8220;A. Corelli&#8221; di Messina e prosegue perfezionandosi con maestri di livello nazionale ed internazionale attraverso i corsi di specializzazione orchestrali organizzati dall\u2019Accademia Nazionale S.Cecilia di Roma. Dal 2006 ha ricoperto i principali ruoli dell\u2019orchestra sinfonica e di fiati del conservatorio A. Corelli di Messina, dell\u2019ONC (Orchestra Nazionale dei Conservatori), dell\u2019Orchestra da Camera di Messina e dell\u2019Orchestra del Festival Euro Mediterraneo presso i principali teatri di Messina, Taormina, Catania, Tindari, Morgantina, Roma e di molte altre citt\u00e0 italiane. Ha diretto, presso il Festival Internazionale \u201cCalvaruso in Musica\u201d, solisti nazionali ed internazionali come Inigo Alonso, Ivano Buat, German Asensi e Giovanni Punzi. Con la &#8220;Corelli Brass Band&#8221; ha diretto il trombone solista internazionale Lito Fontana. Ha vinto il 3\u00b0 concorso per marce sinfoniche indetto dalla Federazione Bande Siciliane (Fe.Ba.Si.) classificandosi al primo posto per la categoria B &#8211; marcia sinfonica con la composizione \u201c5 Agosto\u201d e secondo per la categoria B &#8211; marce da parata con la composizione \u201cBorgo in Festa\u201d. Ha realizzato numerose composizioni edite. Dal 2019 \u00e8 direttore della Sound Project Wind Orchestra (SPWO) di Messina e insegna tromba presso il Liceo Musicale Angelo Musco di Catania.Celona ha inoltre diretto l&#8217;orchestra sinfonica del Conservatorio di Messina al \u201cBellini International Contest\u201d nel 2022. Attualmente \u00e8 delegato provinciale della Federazione Bande Siciliane (FeBaSi) e dal 2024 membro del consiglio di amministrazione regionale della stessa federazione.<\/p>\n\n\n\n<p><strong>Michele Bruno.<\/strong><\/p>\n","protected":false},"excerpt":{"rendered":"<p>Il Corpo bandistico &#8220;S.Cecilia&#8221; Citt\u00e0 di Villafranca prender\u00e0 parte questo pomeriggio a un importante evento, il &#8220;Secondo Raduno Bandistico Citt\u00e0 di Villafrati&#8221;, patrocinato dal Comune del palermitano, a cui parteciperanno anche il Complesso Bandistico &#8220;Giuseppe Verdi&#8221; di Aci Sant&#8217;Antonio, il Complesso Bandistico A.C.A.M. &#8220;Giuseppe Verdi&#8221; di Ciminna, e il Complesso Bandistico &#8220;Vincenzo Bellini&#8221; Citt\u00e0 di [&hellip;]<\/p>\n","protected":false},"author":123457,"featured_media":210845,"comment_status":"open","ping_status":"open","sticky":false,"template":"","format":"standard","meta":{"ub_ctt_via":"","_mi_skip_tracking":false},"categories":[13,6,14],"tags":[10453,2733,2516,1123,10455,10454],"featured_image_src":"https:\/\/www.messinaoggi.it\/website\/wp-content\/uploads\/2024\/09\/IMG-20240914-WA0024.jpg","author_info":{"display_name":"Michele Bruno","author_link":"https:\/\/www.messinaoggi.it\/website\/author\/michele-bruno\/"},"digistream_id":0,"digistream":false,"_links":{"self":[{"href":"https:\/\/www.messinaoggi.it\/website\/wp-json\/wp\/v2\/posts\/210842"}],"collection":[{"href":"https:\/\/www.messinaoggi.it\/website\/wp-json\/wp\/v2\/posts"}],"about":[{"href":"https:\/\/www.messinaoggi.it\/website\/wp-json\/wp\/v2\/types\/post"}],"author":[{"embeddable":true,"href":"https:\/\/www.messinaoggi.it\/website\/wp-json\/wp\/v2\/users\/123457"}],"replies":[{"embeddable":true,"href":"https:\/\/www.messinaoggi.it\/website\/wp-json\/wp\/v2\/comments?post=210842"}],"version-history":[{"count":3,"href":"https:\/\/www.messinaoggi.it\/website\/wp-json\/wp\/v2\/posts\/210842\/revisions"}],"predecessor-version":[{"id":210847,"href":"https:\/\/www.messinaoggi.it\/website\/wp-json\/wp\/v2\/posts\/210842\/revisions\/210847"}],"wp:featuredmedia":[{"embeddable":true,"href":"https:\/\/www.messinaoggi.it\/website\/wp-json\/wp\/v2\/media\/210845"}],"wp:attachment":[{"href":"https:\/\/www.messinaoggi.it\/website\/wp-json\/wp\/v2\/media?parent=210842"}],"wp:term":[{"taxonomy":"category","embeddable":true,"href":"https:\/\/www.messinaoggi.it\/website\/wp-json\/wp\/v2\/categories?post=210842"},{"taxonomy":"post_tag","embeddable":true,"href":"https:\/\/www.messinaoggi.it\/website\/wp-json\/wp\/v2\/tags?post=210842"}],"curies":[{"name":"wp","href":"https:\/\/api.w.org\/{rel}","templated":true}]}}