{"id":21075,"date":"2018-06-25T00:54:18","date_gmt":"2018-06-24T22:54:18","guid":{"rendered":"http:\/\/www.messinaoggi.it\/website\/?p=21075"},"modified":"2018-06-25T00:54:18","modified_gmt":"2018-06-24T22:54:18","slug":"de-luca-ho-vinto-contro-le-lobbies-di-potete","status":"publish","type":"post","link":"https:\/\/www.messinaoggi.it\/website\/2018\/06\/25\/de-luca-ho-vinto-contro-le-lobbies-di-potete\/","title":{"rendered":"De Luca: Ho vinto contro le lobby di potere. LIVE"},"content":{"rendered":"<p>https:\/\/www.facebook.com\/delucasindacodimessina\/videos\/265805230662699\/?hc_ref=ARTfWuicblwjWyD0vKd8VCuFbNPTHdNc8bhyBfe20_kKiqvsybBRkUUXNRQyMrMH1lM<br \/>\n<iframe title=\"Cateno DE Luca Sindaco di Messina\" width=\"500\" height=\"281\" src=\"https:\/\/www.youtube.com\/embed\/0Kks3O5xwMA?start=6&#038;feature=oembed\" frameborder=\"0\" allow=\"accelerometer; autoplay; clipboard-write; encrypted-media; gyroscope; picture-in-picture\" allowfullscreen><\/iframe><br \/>\n <br \/>\n\u201cE\u2019 una grande vittoria contro la casta, le consorterie e le lobby politiche che hanno governato la citt\u00e0 negli ultimi 30 anni. \u00c8 stata una vittoria dei cittadini che hanno detto basta a questo sistema di potere che ha messo in ginocchio Messina, inizia ora una nuova stagione politico amministrativa\u201d. A dirlo il nuovo sindaco di Messina Cateno De Luca, 46 anni, candidato con delle liste civiche promosse dal movimento Sicilia Vera fondato da De Luca nel 2007, dopo l\u2019esito del ballottaggio vinto questa sera con il prof. Dino Bramanti, candidato del Centrodestra.<br \/>\nCon il traguardo raggiunto, De Luca \u00e8 l\u2019unico sindaco in Italia, insieme a Giacomo Tranchida, neo sindaco di Trapani, ad aver guidato tre citt\u00e0 diverse. De Luca, prima di Messina \u00e8 stato sindaco di Fiumedinisi dal 2003 al 2011 e sindaco di Santa Teresa dal 2012 al 2017. Ora lascer\u00e0 anche il posto di deputato regionale conquistato lo scorso novembre e gli subentrer\u00e0 Danilo Lo Giudice, anche lui esponente e fondatore di Sicilia Vera nonch\u00e9 attuale sindaco di Santa Teresa.<br \/>\n\u201c\u00c8 stata una campagna elettorale esaltante &#8211; prosegue De Luca &#8211; iniziata l\u2019uno aprile del 2017 e nella quale, in pi\u00f9 di 800 incontri, comizi, appuntamenti e convegni, mi sono confrontato con la gente, che ha dimostrato di apprezzare il mio programma e le mie idee per far rinascere questa citt\u00e0. E\u2019 stata per me un\u2019esperienza politica e di vita unica, e sono grato a Messina per avermi fatto vivere emozioni e momenti che non dimenticher\u00f2 mai. Sono grato per il loro atto di eroicit\u00e0 ai 191 Candidati delle sei liste al consiglio comunale che hanno sostenuto la mia candidatura a sindaco di Messina. Ringrazio in particolare la mia famiglia, mia moglie e miei figli, che mi hanno sempre trasmesso grande forza e mi hanno supportato e sopportato anche nei momenti pi\u00f9 difficili. Ringrazio i cittadini che mi hanno seguito nei diversi incontri con attenzione e dedizione, questa vittoria \u00e8 la vittoria della citt\u00e0 che non si rassegna e pretende riscatto. Ringrazio anche il mio staff per gli enormi sacrifici e per la grande abnegazione che hanno dimostrato in questa campagna elettorale. Ringrazio anche gli altri candidati a sindaco, tra i quali il prof. Dino Bramanti, con il quale ho affrontato questo ballottaggio. Terminata la campagna elettorale, per me sono ormai concluse definitivamente tutte le polemiche politiche e personali, e spero che ognuno possa dare, nel suo campo, il proprio contributo per cambiare il volto della citt\u00e0. Lo stesso vale per la stampa con la quale ci sar\u00e0, sono sicuro, rispetto e stima reciproca, ognuno nel suo ruolo\u201d. \u201cAffido &#8211; prosegue De Luca &#8211; la mia azione amministrativa per i prossimi 5 anni alla Madonna della Lettera, patrona di Messina, affinch\u00e9 mi guidi in questa complicata esperienza amministrativa, e sia vicina come sempre alla nostra comunit\u00e0\u201d. \u201cSar\u00f2 il sindaco di tutti, sar\u00f2 sempre aperto alle istanze, i consigli e i suggerimenti dei cittadini, da me troverete sempre le porte aperte. Chieder\u00f2 a tutto il consiglio comunale di firmare con me un vero e proprio contratto per Messina per lavorare insieme per il bene della citt\u00e0, e far diventare Messina bella, protagonista e produttiva\u201d. Sono convinto che inizialmente ci saranno momenti difficili per cercare di riorganizzare la macchina amministrativa del Comune e mettere i conti a posto, tuttavia, sono certo, che poi Messina potr\u00e0 diventare di nuovo una citt\u00e0 dove poter garantire una concreta prospettiva per i nostri giovani. La mia discesa in campo \u00e8 nata proprio per loro, non voglio pi\u00f9 che intere generazioni debbano lasciare la citt\u00e0, non voglio che i miei figli e quelli degli altri debbano partire e andare via, non per libera scelta, ma perch\u00e9 costretti. La mia \u00e8 la vera vittoria della societ\u00e0 civile, i vecchi partiti del Centrodestra hanno fallito come gli altri, la loro sconfitta \u00e8 quella di una classe politica che non ha saputo rigenerarsi e staccarsi da certe lobby economico finanziarie. Inizia un nuovo periodo di speranza per la citt\u00e0, con me Messina torner\u00e0 a far sentire la propria voce a Palermo e Roma, non saremo pi\u00f9 la \u201ccitt\u00e0 babba\u201d, ma protagonista. Cercher\u00f2 soprattutto di produrre fatti, non parole, ricordo sempre cosa diceva anche Don Luigi Sturzo quando affermava convinto che \u2018il primo canone dell\u2019arte politica sia essere franco e fuggire dall\u2019infingimento; promettere poco e mantenere quel che si \u00e8 promesso\u2019. In alto i cuori, da oggi io sono voi, e voi siete me. Insieme faremo rinascere Messina\u201d.<div id=\"div-gpt-ad-Messinaoggi.it-DSK-300x250-corpoart\" style=\"text-align:center;margin:0 auto;\"><\/div><\/p>\n<div id=\"videoincontent\" style=\"clear:both\";><\/div>","protected":false},"excerpt":{"rendered":"<p>https:\/\/www.facebook.com\/delucasindacodimessina\/videos\/265805230662699\/?hc_ref=ARTfWuicblwjWyD0vKd8VCuFbNPTHdNc8bhyBfe20_kKiqvsybBRkUUXNRQyMrMH1lM \u201cE\u2019 una grande vittoria contro la casta, le consorterie e le lobby politiche che hanno governato la citt\u00e0 negli ultimi 30 anni. \u00c8 stata una vittoria dei cittadini che hanno detto basta a questo sistema di potere che ha messo in ginocchio Messina, inizia ora una nuova stagione politico amministrativa\u201d. A dirlo il nuovo [&hellip;]<\/p>\n","protected":false},"author":2,"featured_media":21084,"comment_status":"closed","ping_status":"open","sticky":false,"template":"","format":"standard","meta":{"ub_ctt_via":"","_mi_skip_tracking":false},"categories":[6],"tags":[],"featured_image_src":"https:\/\/www.messinaoggi.it\/website\/wp-content\/uploads\/2018\/06\/A6CEAF33-12C3-4613-B0E1-54F1B4ABA0E8-1.jpeg","author_info":{"display_name":"Redazione","author_link":"https:\/\/www.messinaoggi.it\/website\/author\/redazione\/"},"digistream_id":0,"digistream":false,"_links":{"self":[{"href":"https:\/\/www.messinaoggi.it\/website\/wp-json\/wp\/v2\/posts\/21075"}],"collection":[{"href":"https:\/\/www.messinaoggi.it\/website\/wp-json\/wp\/v2\/posts"}],"about":[{"href":"https:\/\/www.messinaoggi.it\/website\/wp-json\/wp\/v2\/types\/post"}],"author":[{"embeddable":true,"href":"https:\/\/www.messinaoggi.it\/website\/wp-json\/wp\/v2\/users\/2"}],"replies":[{"embeddable":true,"href":"https:\/\/www.messinaoggi.it\/website\/wp-json\/wp\/v2\/comments?post=21075"}],"version-history":[{"count":0,"href":"https:\/\/www.messinaoggi.it\/website\/wp-json\/wp\/v2\/posts\/21075\/revisions"}],"wp:featuredmedia":[{"embeddable":true,"href":"https:\/\/www.messinaoggi.it\/website\/wp-json\/wp\/v2\/media\/21084"}],"wp:attachment":[{"href":"https:\/\/www.messinaoggi.it\/website\/wp-json\/wp\/v2\/media?parent=21075"}],"wp:term":[{"taxonomy":"category","embeddable":true,"href":"https:\/\/www.messinaoggi.it\/website\/wp-json\/wp\/v2\/categories?post=21075"},{"taxonomy":"post_tag","embeddable":true,"href":"https:\/\/www.messinaoggi.it\/website\/wp-json\/wp\/v2\/tags?post=21075"}],"curies":[{"name":"wp","href":"https:\/\/api.w.org\/{rel}","templated":true}]}}