{"id":210604,"date":"2024-09-12T11:49:24","date_gmt":"2024-09-12T09:49:24","guid":{"rendered":"http:\/\/www.messinaoggi.it\/website\/?p=210604"},"modified":"2024-09-12T11:49:27","modified_gmt":"2024-09-12T09:49:27","slug":"verso-la-confcommercio-professioni-liniziativa","status":"publish","type":"post","link":"https:\/\/www.messinaoggi.it\/website\/2024\/09\/12\/verso-la-confcommercio-professioni-liniziativa\/","title":{"rendered":"Verso la Confcommercio professioni, l&#8217;iniziativa"},"content":{"rendered":"\n<p>Ieri, presso la sede di Confcommercio Messina su iniziativa del dott. <strong>Francesco La Fauci<\/strong> si \u00e8 tenuta la prima riunione tra varie espressioni professionali della citt\u00e0 per la costituzione della Confcommercio professioni Messina.<div id=\"div-gpt-ad-Messinaoggi.it-DSK-300x250-corpoart\" style=\"text-align:center;margin:0 auto;\"><\/div><\/p>\n\n\n\n<p>La riunione si \u00e8 basata sulla necessit\u00e0 di aggregare variegati professionisti per coordinare un gruppo di lavoro indirizzato a sostenere nei vari campi sia la crescita della citt\u00e0 che degli stessi partecipanti. L\u2019attuale prospettiva di crescita messinese e siciliana rappresenta una opportunit\u00e0 unica per associare un team di professionisti nei vari settori che si senta integrato nel tessuto creativo della citt\u00e0 con il convincimento di poterne diventare protagonisti godendo di un sistema di servizi a sostegno degli associati e delle attivit\u00e0 professionali esercitate. <div id=\"videoincontent\" style=\"clear:both\";><\/div><\/p>\n\n\n\n<p>Alla presenza del Presidente di Confcommercio Messina <strong>Carmelo Picciotto<\/strong> \u00e8 stata analizzata la situazione economica locale e Regionale e le prossime ricadute sulla crescita futura . \u00c8 emerso un convincimento comune sulla necessit\u00e0 di una aggregazione di associati che meglio consentir\u00e0 di affrontare le imminenti sfide delle opere infrastrutturali che vedranno a breve Messina palcoscenico al centro dell\u2019interesse mondiale.I numerosi presenti hanno riconvocato un imminente incontro per giorno 18 Settembre per la fase costituente e per la stesura di un cronoprogramma finalizzato ad un celere avvio delle attivit\u00e0 associative. <\/p>\n","protected":false},"excerpt":{"rendered":"<p>Ieri, presso la sede di Confcommercio Messina su iniziativa del dott. Francesco La Fauci si \u00e8 tenuta la prima riunione tra varie espressioni professionali della citt\u00e0 per la costituzione della Confcommercio professioni Messina. La riunione si \u00e8 basata sulla necessit\u00e0 di aggregare variegati professionisti per coordinare un gruppo di lavoro indirizzato a sostenere nei vari [&hellip;]<\/p>\n","protected":false},"author":15,"featured_media":210607,"comment_status":"open","ping_status":"open","sticky":false,"template":"","format":"standard","meta":{"ub_ctt_via":"","_mi_skip_tracking":false},"categories":[6],"tags":[1736,1544,4044,10448,6262],"featured_image_src":"https:\/\/www.messinaoggi.it\/website\/wp-content\/uploads\/2024\/09\/IMG-20240911-WA0031.jpg","author_info":{"display_name":"red.me","author_link":"https:\/\/www.messinaoggi.it\/website\/author\/red-me\/"},"digistream_id":0,"digistream":false,"_links":{"self":[{"href":"https:\/\/www.messinaoggi.it\/website\/wp-json\/wp\/v2\/posts\/210604"}],"collection":[{"href":"https:\/\/www.messinaoggi.it\/website\/wp-json\/wp\/v2\/posts"}],"about":[{"href":"https:\/\/www.messinaoggi.it\/website\/wp-json\/wp\/v2\/types\/post"}],"author":[{"embeddable":true,"href":"https:\/\/www.messinaoggi.it\/website\/wp-json\/wp\/v2\/users\/15"}],"replies":[{"embeddable":true,"href":"https:\/\/www.messinaoggi.it\/website\/wp-json\/wp\/v2\/comments?post=210604"}],"version-history":[{"count":2,"href":"https:\/\/www.messinaoggi.it\/website\/wp-json\/wp\/v2\/posts\/210604\/revisions"}],"predecessor-version":[{"id":210606,"href":"https:\/\/www.messinaoggi.it\/website\/wp-json\/wp\/v2\/posts\/210604\/revisions\/210606"}],"wp:featuredmedia":[{"embeddable":true,"href":"https:\/\/www.messinaoggi.it\/website\/wp-json\/wp\/v2\/media\/210607"}],"wp:attachment":[{"href":"https:\/\/www.messinaoggi.it\/website\/wp-json\/wp\/v2\/media?parent=210604"}],"wp:term":[{"taxonomy":"category","embeddable":true,"href":"https:\/\/www.messinaoggi.it\/website\/wp-json\/wp\/v2\/categories?post=210604"},{"taxonomy":"post_tag","embeddable":true,"href":"https:\/\/www.messinaoggi.it\/website\/wp-json\/wp\/v2\/tags?post=210604"}],"curies":[{"name":"wp","href":"https:\/\/api.w.org\/{rel}","templated":true}]}}