{"id":21056,"date":"2018-06-24T13:43:58","date_gmt":"2018-06-24T11:43:58","guid":{"rendered":"http:\/\/www.messinaoggi.it\/website\/?p=21056"},"modified":"2018-06-24T13:43:58","modified_gmt":"2018-06-24T11:43:58","slug":"il-cirs-ricorda-uno-dei-messinesi-piu-celebri-adolfo-celi","status":"publish","type":"post","link":"https:\/\/www.messinaoggi.it\/website\/2018\/06\/24\/il-cirs-ricorda-uno-dei-messinesi-piu-celebri-adolfo-celi\/","title":{"rendered":"Il Cirs ricorda uno dei messinesi pi\u00f9 celebri: Adolfo Celi"},"content":{"rendered":"<p>Non ha potuto la pioggia rovinare la serata conclusiva del <strong>\u201cTributo Adolfo Celi\u201d<\/strong> organizzato dal Cirs di Messina che ieri sera ha consegnato diciassette premi nell\u2019Aula Magna dell\u2019Universit\u00e0 dopo aver dovuto abbandonare il cortile del rettorato per l\u2019improvviso acquazzone estivo.<br \/>\nQuasi trecento invitati alla cerimonia di consegna dei Premi assegnati ad attori e personaggi del mondo dell\u2019arte, della cultura e dello spettacolo che si sono distinti per le straordinarie doti artistiche ma anche per la loro sensibilit\u00e0 e impegno sociale. A ricevere il \u201cprofilo\u201d di Adolfo Celi \u2013realizzato da Neon Vela \u2013 sono stati il regista <strong>Aurelio Grimaldi<\/strong>, il musicista e cantante <strong>Luca Madonia<\/strong>, il produttore <strong>Simone Catania<\/strong> e gli attori <strong>Antonio Alveario, Tino Caspanello, Claudio Castrogiovanni, Giampero Cicci\u00f2, Minasi e Carullo<\/strong> mentre <strong>Federica De Cola<\/strong> e <strong>Maurizio Marchetti<\/strong>, assenti \u201cgiustificati\u201d, hanno delegato due amici colleghi per ritirare il riconoscimento.<br \/>\nCinque invece le targhe alla memoria. Si tratta di <strong>Giovanni Rappazzo<\/strong>, che ha brevettato per primo il cinema sonoro, ritirata dalla nipote Fogliani, <strong>Franco Toldonato<\/strong>, medico e appassionato operatore culturale, consegnata al figlio Claudio; <strong>Celeste Brancato<\/strong>, indimenticabile attrice eclettica prematuramente scomparsa, ritirata dalla sorella Rosaria; la scrittrice e docente <strong>Rosalba Gasparro<\/strong> ritirata dalla sorella Antonia, il commendatore <strong>Eugenio Penna<\/strong> ritirato dalla moglie e <strong>Carletto Scuderi<\/strong>, compositore e direttore musicale, ritirata dalla figlia Ernestina.<br \/>\nLa serata \u2013 inevitabilmente modificata per il cambio della location \u2013 \u00e8 cominciata con le <strong>Glorius Quartet<\/strong> che avrebbero dovuto chiudere la premiazione con un concerto e che, invece, anche senza strumenti musicali, hanno saputo regalare un indimenticabile esibizione col solo uso della voce. L\u2019inconsueto ensamble femminile, composto da <strong>Agnese Carrubba, Cecilia Foti, Federica D\u2019Andrea e Mariachiara Millimaggi<\/strong>, attualmente in studio a registrare il primo album con la direzione artistica di Tony Canto, hanno anche reso omaggio con un brano brasiliano all\u2019ambasciatore del Brasile\u00a0<strong>Antonio de Aguiar Patriota<\/strong>. Insieme all\u2019Ambasciatore Patriota hanno partecipato il ministro consigliere\u00a0<strong>F\u00e0tima Keiko Ishitani<\/strong>\u00a0e l\u2019Ambasciatore\u00a0<strong>Angelica Jacome<\/strong>, rappresentante permanente di Panama presso la Fao. Una presenza che testimonia la stima nei confronti dell\u2019attore messinese Adolfo Celi che in Brasile \u2013 dove \u00e8 considerato il padre del teatro e della cinematografia moderna &#8211; ha trovato una seconda patria, come documenta il filmato realizzato del figlio Leonardo presente in tutti gli appuntamenti di questi quattro giorni dedicati al padre.<br \/>\nA condurre, la bellissima e bravissima <strong>Daniela Conti<\/strong>, con il giornalista <strong>Giuseppe d\u2019Avella<\/strong>, che hanno chiamato il presidente del Cirs <strong>Maria Celeste Celi <\/strong>ad introdurre la serata. Ed \u00e8 stato un saluto appassionato che ha centrato il senso di questo premio: \u00abRicordare un grande messinese per riappropriarsi delle proprie radici, ritrovare quell\u2019orgoglio e quel senso di appartenenza che nella solidariet\u00e0 trova la propria sintesi e il motore propulsivo\u00bb.<br \/>\nLo sa bene il Cirs Onlus di Messina che sul fronte della solidariet\u00e0 e del reinserimento sociale opera da sessant\u2019anni.<br \/>\nNon sono mancanti i ringraziamenti, in particolare al padrone di casa, il rettore dell\u2019Universit\u00e0 <strong>Salvatore Cuzzocrea<\/strong> e i prorettori <strong>Antonino Geman\u00e0 e Carlo Mazz\u00f9<\/strong>, al responsabile della sicurezza <strong>Interdonato<\/strong>, all\u2019<strong>Ophiura Ballet del Centro formazione danza <\/strong>che non si \u00e8 potuta esibire a causa del maltempo, agli organizzatori dell\u2019evento <strong>Matilde Cannav\u00f2 <\/strong>e la giornalista<strong> Graziella Lombardo<\/strong>, ma anche a quanti in questi ultimi mesi hanno aderito alla campagna di raccolta fondi a sostegno della casa famiglia che rischia di essere smantellata, non ultimo il campione mondiale di pallanuoto <strong>Massimo Gacioppo<\/strong>, testimonial di questa giornata, che ha ricordato quanto \u00e8 importante donare soprattutto da parte di chi \u00e8 pi\u00f9 fortunato. E hanno donato col cuore anche <strong>Non Solo Cibus, Firriato, Mangiatorella, pasticceria Freni e l\u2019ambasciatore del gusto Arena<\/strong> che hanno offerto i loro prodotti alla cena organizzata da F.A. di Fugazzotto.<br \/>\nTanta generosit\u00e0 dunque a sostegno del Cirs che si \u00e8 intestato la battaglia per acquistare lo stabile che da oltre trent\u2019anni ospita donne vittime di violenza o in difficolt\u00e0 insieme ai loro bambini perch\u00e8 l\u2019ipab proprietaria della struttura ha messo in vendita. Ma non si pu\u00f2 permettere che la citt\u00e0 perda un luogo cos\u00ec prezioso, che custodisce storie e percorsi di rinascita di tante donne. Da qui la decisione di acquistarlo, per donarlo alla citt\u00e0 stessa, mantenendone le finalit\u00e0 sociali e impedendo una speculazione edilizia.<br \/>\nHa toccato il cuore dei presenti il racconto di questa sfida partita a febbraio con il pay off \u201cProva a dire Cirs\u201d diventato leit motiv di una campagna di sensibilizzazione che per\u00f2 \u00e8 solo all\u2019inizio. Il Cirs deve infatti ancora raccogliere la cifra necessaria per l\u2019anticipo da dare all\u2019istituto di credito che ha concesso il mutuo destinato all\u2019acquisto della casa che si trova alle spalle del Palacultura in via monsignor Francesco Bruno. Una casa aperta a tutta la citt\u00e0 che \u00e8 gi\u00e0 un simbolo e pu\u00f2 diventare con l\u2019aiuto di tutti una risorsa per l\u2019affermazione della cultura, della solidariet\u00e0 e della legalit\u00e0.<br \/>\n <div id=\"div-gpt-ad-Messinaoggi.it-DSK-300x250-corpoart\" style=\"text-align:center;margin:0 auto;\"><\/div><\/p>\n<div id=\"videoincontent\" style=\"clear:both\";><\/div>","protected":false},"excerpt":{"rendered":"<p>Non ha potuto la pioggia rovinare la serata conclusiva del \u201cTributo Adolfo Celi\u201d organizzato dal Cirs di Messina che ieri sera ha consegnato diciassette premi nell\u2019Aula Magna dell\u2019Universit\u00e0 dopo aver dovuto abbandonare il cortile del rettorato per l\u2019improvviso acquazzone estivo. Quasi trecento invitati alla cerimonia di consegna dei Premi assegnati ad attori e personaggi del [&hellip;]<\/p>\n","protected":false},"author":15,"featured_media":21057,"comment_status":"closed","ping_status":"open","sticky":false,"template":"","format":"standard","meta":{"ub_ctt_via":"","_mi_skip_tracking":false},"categories":[6],"tags":[],"featured_image_src":"https:\/\/www.messinaoggi.it\/website\/wp-content\/uploads\/2018\/06\/Un-momento-della-presentazione-con-il-prorettore-Antonino-Germana\u0300-e-lassessore-Guido-Signorino-1.jpg","author_info":{"display_name":"red.me","author_link":"https:\/\/www.messinaoggi.it\/website\/author\/red-me\/"},"digistream_id":0,"digistream":false,"_links":{"self":[{"href":"https:\/\/www.messinaoggi.it\/website\/wp-json\/wp\/v2\/posts\/21056"}],"collection":[{"href":"https:\/\/www.messinaoggi.it\/website\/wp-json\/wp\/v2\/posts"}],"about":[{"href":"https:\/\/www.messinaoggi.it\/website\/wp-json\/wp\/v2\/types\/post"}],"author":[{"embeddable":true,"href":"https:\/\/www.messinaoggi.it\/website\/wp-json\/wp\/v2\/users\/15"}],"replies":[{"embeddable":true,"href":"https:\/\/www.messinaoggi.it\/website\/wp-json\/wp\/v2\/comments?post=21056"}],"version-history":[{"count":0,"href":"https:\/\/www.messinaoggi.it\/website\/wp-json\/wp\/v2\/posts\/21056\/revisions"}],"wp:featuredmedia":[{"embeddable":true,"href":"https:\/\/www.messinaoggi.it\/website\/wp-json\/wp\/v2\/media\/21057"}],"wp:attachment":[{"href":"https:\/\/www.messinaoggi.it\/website\/wp-json\/wp\/v2\/media?parent=21056"}],"wp:term":[{"taxonomy":"category","embeddable":true,"href":"https:\/\/www.messinaoggi.it\/website\/wp-json\/wp\/v2\/categories?post=21056"},{"taxonomy":"post_tag","embeddable":true,"href":"https:\/\/www.messinaoggi.it\/website\/wp-json\/wp\/v2\/tags?post=21056"}],"curies":[{"name":"wp","href":"https:\/\/api.w.org\/{rel}","templated":true}]}}