{"id":210368,"date":"2024-09-10T09:43:04","date_gmt":"2024-09-10T07:43:04","guid":{"rendered":"http:\/\/www.messinaoggi.it\/website\/?p=210368"},"modified":"2024-09-10T09:43:05","modified_gmt":"2024-09-10T07:43:05","slug":"medicina-interna-allarme-dei-chirurghi-siciliani","status":"publish","type":"post","link":"https:\/\/www.messinaoggi.it\/website\/2024\/09\/10\/medicina-interna-allarme-dei-chirurghi-siciliani\/","title":{"rendered":"Medicina interna, allarme dei chirurghi siciliani"},"content":{"rendered":"\n<p>Appello della medicina interna siciliana alle istituzioni per rivendicare un ruolo di primo piano all\u2019interno del Sistema sanitario, specialmente dopo aver dimostrato un ruolo centrale durante la pandemia da covid: \u201c\u00c8 necessario aumentare il coefficiente che al momento prevede solo 1 specialista ogni 4 pazienti e portarlo a soddisfare un fabbisogno evidente nei reparti ospedalieri come il nostro, cio\u00e8 almeno a 2,5 specialisti per posto letto &#8211; spiega il direttore UOC Medicina interna dell\u2019A.O. Papardo di Messina Antonio Versace &#8211; non si tratta solo di carenza di medici, mi riferisco anche a infermieri, operatori sanitari, fisioterapisti, ecc., cio\u00e8 tutte quelle figure indispensabili per una presa in carico globale dei malati complessi, tali da richiedere multidisciplinariet\u00e0 come le persone con comorbilit\u00e0 che siamo abituati a trattare. A questo si deve aggiungere uno pi\u00f9 stretto rapporto coi medici di medicina generale e un\u2019implementazione dell\u2019assistenza sul territorio, una volta che l\u2019assistito \u00e8 stato stabilizzato in ospedale e pu\u00f2 tornare a casa. E l\u2019esigenza di avere postazioni di terapia subintensiva all\u2019interno dei nostri reparti per la gestione dei pazienti ad alta intensit\u00e0 di cura\u201d. Si parler\u00e0 anche di questi argomenti nella V edizione del meeting \u201cGiornate dello Stretto\u201d, promosso dal dott. Versace e che accoglier\u00e0 oltre 150 specialisti di varie realt\u00e0 ospedaliere, esperti e rappresentanti istituzionali e di categoria, con il coinvolgimento di tutte le realt\u00e0 del messinese, per un confronto a pi\u00f9 voci che possa diventare un utile input per chi governa la sanit\u00e0 ad affrontare e risolvere le criticit\u00e0 di questi reparti. Appuntamento venerd\u00ec 13 (inizio alle ore 9) e sabato 14 settembre (fino alle ore 13) all\u2019hotel Royal di Messina per un aggiornamento che vale 13 crediti ECM e al quale prenderanno parte la rettrice dell\u2019UniMe <strong>Giovanna Spatari<\/strong>, il presidente dell\u2019Ordine provinciale dei medici <strong>Giacomo Caudo<\/strong>, il presidente onorario del corso, <strong>Antonino Saitta<\/strong>,<strong> <\/strong>gi\u00e0 ordinario dell&#8217;Universit\u00e0 degli Studi di Messina, l\u2019esponente della SIMI regionale (Societ\u00e0 Italiana Medici Internisti) <strong>Lorenzo Malatino<\/strong>, il presidente regionale FADOI (Federazione associazioni dirigenti ospedalieri internisti) <strong>Giuseppe Lo Faro<\/strong> e il presidente eletto <strong>Roberto Risicato<\/strong>, <strong>Antonino Mazzone<\/strong>, gi\u00e0 presidente nazionale FADOI, Salvo Corrao, tra le voci pi\u00f9 autorevoli della medicina interna siciliana, e tanti illustri relatori.<div id=\"div-gpt-ad-Messinaoggi.it-DSK-300x250-corpoart\" style=\"text-align:center;margin:0 auto;\"><\/div><\/p>\n\n\n\n<p>Nelle diverse sessioni si approfondiranno le novit\u00e0 che riguardano argomenti come sepsi con particolare riferimento alla cosiddetta \u201cgolden hour\u201d, ossia la prima ora decisiva per la diagnosi e cura del paziente, shock settico, ictus, vasculiti, valvulopatie, scompenso cardiaco, diabete, insufficienza renale: in merito a queste ultime tre patologie si accenderanno i riflettori anche su un unico farmaco in grado di gestirle con parecchi benefici per i malati. Una tavola rotonda, moderata dal giornalista <strong>Emilio Pintaldi<\/strong>, sar\u00e0 dedicata proprio alle problematiche della medicina interna con tutti i responsabili delle strutture ospedaliere dell\u2019area metropolitana messinese.<div id=\"videoincontent\" style=\"clear:both\";><\/div><\/p>\n","protected":false},"excerpt":{"rendered":"<p>Appello della medicina interna siciliana alle istituzioni per rivendicare un ruolo di primo piano all\u2019interno del Sistema sanitario, specialmente dopo aver dimostrato un ruolo centrale durante la pandemia da covid: \u201c\u00c8 necessario aumentare il coefficiente che al momento prevede solo 1 specialista ogni 4 pazienti e portarlo a soddisfare un fabbisogno evidente nei reparti ospedalieri [&hellip;]<\/p>\n","protected":false},"author":2,"featured_media":210369,"comment_status":"open","ping_status":"open","sticky":false,"template":"","format":"standard","meta":{"ub_ctt_via":"","_mi_skip_tracking":false},"categories":[11],"tags":[],"featured_image_src":"https:\/\/www.messinaoggi.it\/website\/wp-content\/uploads\/2024\/09\/Antonio-Giovanni-Versace-direttore-UOC-Medicina-interna-AO-Papardo-Messina-scaled.jpg","author_info":{"display_name":"Redazione","author_link":"https:\/\/www.messinaoggi.it\/website\/author\/redazione\/"},"digistream_id":0,"digistream":false,"_links":{"self":[{"href":"https:\/\/www.messinaoggi.it\/website\/wp-json\/wp\/v2\/posts\/210368"}],"collection":[{"href":"https:\/\/www.messinaoggi.it\/website\/wp-json\/wp\/v2\/posts"}],"about":[{"href":"https:\/\/www.messinaoggi.it\/website\/wp-json\/wp\/v2\/types\/post"}],"author":[{"embeddable":true,"href":"https:\/\/www.messinaoggi.it\/website\/wp-json\/wp\/v2\/users\/2"}],"replies":[{"embeddable":true,"href":"https:\/\/www.messinaoggi.it\/website\/wp-json\/wp\/v2\/comments?post=210368"}],"version-history":[{"count":1,"href":"https:\/\/www.messinaoggi.it\/website\/wp-json\/wp\/v2\/posts\/210368\/revisions"}],"predecessor-version":[{"id":210370,"href":"https:\/\/www.messinaoggi.it\/website\/wp-json\/wp\/v2\/posts\/210368\/revisions\/210370"}],"wp:featuredmedia":[{"embeddable":true,"href":"https:\/\/www.messinaoggi.it\/website\/wp-json\/wp\/v2\/media\/210369"}],"wp:attachment":[{"href":"https:\/\/www.messinaoggi.it\/website\/wp-json\/wp\/v2\/media?parent=210368"}],"wp:term":[{"taxonomy":"category","embeddable":true,"href":"https:\/\/www.messinaoggi.it\/website\/wp-json\/wp\/v2\/categories?post=210368"},{"taxonomy":"post_tag","embeddable":true,"href":"https:\/\/www.messinaoggi.it\/website\/wp-json\/wp\/v2\/tags?post=210368"}],"curies":[{"name":"wp","href":"https:\/\/api.w.org\/{rel}","templated":true}]}}