{"id":21009,"date":"2018-06-22T20:25:54","date_gmt":"2018-06-22T18:25:54","guid":{"rendered":"http:\/\/www.messinaoggi.it\/website\/?p=21009"},"modified":"2018-06-22T20:25:54","modified_gmt":"2018-06-22T18:25:54","slug":"viale-europa-voragine-sullasfalto-nei-pressi-del-piemonte","status":"publish","type":"post","link":"https:\/\/www.messinaoggi.it\/website\/2018\/06\/22\/viale-europa-voragine-sullasfalto-nei-pressi-del-piemonte\/","title":{"rendered":"Viale Europa, voragine sull&#039;asfalto nei pressi del Piemonte"},"content":{"rendered":"<p style=\"text-align: justify;\">Si \u00e8 aperta alcune ore fa proprio nei pressi dell\u2019ospedale Piemonte, una buca profonda alcuni metri che rappresenta un grave pericolo per gli automobilisti che scendono dal viale Europa.<div id=\"div-gpt-ad-Messinaoggi.it-DSK-300x250-corpoart\" style=\"text-align:center;margin:0 auto;\"><\/div><\/p>\n<p style=\"text-align: justify;\">A causare il crollo dell\u2019asfalto, probabilmente, saranno state le piogge degli ultimi giorni. La voragine \u00e8 stata immediatamente recintata, ma serve un intervento urgente per evitare che si faccia sempre pi\u00f9 profonda e quindi sempre pi\u00f9 pericolosa.<div id=\"videoincontent\" style=\"clear:both\";><\/div><\/p>\n","protected":false},"excerpt":{"rendered":"<p>Si \u00e8 aperta alcune ore fa proprio nei pressi dell\u2019ospedale Piemonte, una buca profonda alcuni metri che rappresenta un grave pericolo per gli automobilisti che scendono dal viale Europa. A causare il crollo dell\u2019asfalto, probabilmente, saranno state le piogge degli ultimi giorni. La voragine \u00e8 stata immediatamente recintata, ma serve un intervento urgente per evitare [&hellip;]<\/p>\n","protected":false},"author":14,"featured_media":21010,"comment_status":"closed","ping_status":"open","sticky":false,"template":"","format":"standard","meta":{"ub_ctt_via":"","_mi_skip_tracking":false},"categories":[5],"tags":[],"featured_image_src":"https:\/\/www.messinaoggi.it\/website\/wp-content\/uploads\/2018\/06\/voragine-1.jpg","author_info":{"display_name":"Antonio Macauda","author_link":"https:\/\/www.messinaoggi.it\/website\/author\/a-macauda\/"},"digistream_id":0,"digistream":false,"_links":{"self":[{"href":"https:\/\/www.messinaoggi.it\/website\/wp-json\/wp\/v2\/posts\/21009"}],"collection":[{"href":"https:\/\/www.messinaoggi.it\/website\/wp-json\/wp\/v2\/posts"}],"about":[{"href":"https:\/\/www.messinaoggi.it\/website\/wp-json\/wp\/v2\/types\/post"}],"author":[{"embeddable":true,"href":"https:\/\/www.messinaoggi.it\/website\/wp-json\/wp\/v2\/users\/14"}],"replies":[{"embeddable":true,"href":"https:\/\/www.messinaoggi.it\/website\/wp-json\/wp\/v2\/comments?post=21009"}],"version-history":[{"count":0,"href":"https:\/\/www.messinaoggi.it\/website\/wp-json\/wp\/v2\/posts\/21009\/revisions"}],"wp:featuredmedia":[{"embeddable":true,"href":"https:\/\/www.messinaoggi.it\/website\/wp-json\/wp\/v2\/media\/21010"}],"wp:attachment":[{"href":"https:\/\/www.messinaoggi.it\/website\/wp-json\/wp\/v2\/media?parent=21009"}],"wp:term":[{"taxonomy":"category","embeddable":true,"href":"https:\/\/www.messinaoggi.it\/website\/wp-json\/wp\/v2\/categories?post=21009"},{"taxonomy":"post_tag","embeddable":true,"href":"https:\/\/www.messinaoggi.it\/website\/wp-json\/wp\/v2\/tags?post=21009"}],"curies":[{"name":"wp","href":"https:\/\/api.w.org\/{rel}","templated":true}]}}