{"id":209951,"date":"2024-09-06T11:05:30","date_gmt":"2024-09-06T09:05:30","guid":{"rendered":"https:\/\/www.messinaoggi.it\/website\/2024\/09\/06\/affitti-brevi-bocca-cin-primo-passo-contro-labusivismo\/"},"modified":"2024-09-06T11:05:30","modified_gmt":"2024-09-06T09:05:30","slug":"affitti-brevi-bocca-cin-primo-passo-contro-labusivismo","status":"publish","type":"post","link":"https:\/\/www.messinaoggi.it\/website\/2024\/09\/06\/affitti-brevi-bocca-cin-primo-passo-contro-labusivismo\/","title":{"rendered":"Affitti brevi, Bocca \u201cCin primo passo contro l\u2019abusivismo\u201d"},"content":{"rendered":"<div>ROMA (ITALPRESS) &#8211; &#8220;Il Cin, il Codice identificativo nazionale, \u00e8 un primo passo per sconfiggere il tema dell&#8217;abusivismo. Diciamo per\u00f2 che \u00e8 un primo passo timido, perch\u00e8 altri Paesi hanno utilizzato la clava per risolvere questo problema, dando potere ai sindaci di contingentare nel proprio Comune le licenze per gli affitti brevi. Noi ci auguriamo che quello del Cin sia un primo passaggio&#8221;. Cos\u00ec il presidente di Federalberghi, Bernab\u00f2 Bocca, intervistato da Claudio Brachino per la rubrica Italpress \u0080conomy. &#8220;Noi abbiamo un grande senso dell&#8217;accoglienza e dell&#8217;ospitalit\u00e0, ma la concorrenza si fa sempre pi\u00f9 serrata. Faccio un appello alle forze politiche: ogni euro dedicato al turismo sia dedicato alla riqualificazione delle strutture perch\u00e8 con strutture all&#8217;altezza noi non temiamo competitors&#8221;, aggiunge. Parlando dei numeri, Bocca si dice soddisfatto in quanto &#8220;\u00e8 stata una buona annata&#8221;, ma \u00e8 stata comunque inferiore all&#8217;anno precedente, questo \u00e8 dovuto al fatto che &#8220;mentre maggio, giugno e luglio sono mesi dove l&#8217;Italia \u00e8 frequentata soprattutto dal turismo internazionale, e i numeri sono stati positivi soprattutto per le citt\u00e0 d&#8217;arte e sulle destinazioni internazionali, nel mese di agosto il turismo italiano vive soprattutto di turismo interno e di quello europeo, devo dire che su questi mercati il caro-vita dovuto all&#8217;inflazione ha spinto gli italiani a fare meno vacanza dello scorso anno &#8211; spiega -. Noi stimiamo di fare un agosto inferiore al 2023 che speriamo per\u00f2 possa essere in parte compensato con un ottimo settembre, visto che l&#8217;estate si allunga; ci auguriamo, quindi, un settembre con bel tempo, tanti italiani in vacanza e a prezzi inferiori di quelli di agosto. Siamo contenti ma anche fiduciosi e ottimisti. La voce albergo dai nostri studi non supera mai il 30% del costo della vacanza, alla voce albergo si sommano le altre: ristoranti, stabilimenti balneari, trasporti. Questo \u00e8 un fenomeno che non vediamo solo in Italia ma in tutto il mondo, una tendenza che cozza con una diminuita capacit\u00e0 di spesa di una certa fascia di turismo che \u00e8 quella media, quella che a noi interessa&#8221;. <br \/>Bocca, inoltre, affronta il tema dell&#8217;over tourism lanciando un allarme: &#8220;Rischiamo di demonizzare i turisti, il turismo non deve essere visto come un problema ma come una risorsa. Altro tema \u00e8 quello di spalmare questi milioni di turisti non solo su 4 mesi l&#8217;anno ma su 8-10, questo si pu\u00f2 fare attraverso i grandi eventi in grado di destagionalizzare i flussi&#8221;. <br \/>Per il presidente di Federalberghi, poi, &#8220;la tassa di soggiorno deve diventare una tassa di scopo, perch\u00e8 i soldi che i Comuni raccolgono devono servire a finanziare interventi legati alla riqualificazione per rendere le nostre citt\u00e0 sempre pi\u00f9 belle e attrattive. Dispiace vedere quando alcuni Comuni la utilizzano per coprire i buchi dei bilanci comunali. Noi non siamo d&#8217;accordo sul fatto che sia l&#8217;albergo l&#8217;unico punto di raccolta di questa tassa, sarebbe pi\u00f9 equa una &#8216;city tax&#8217;, pagare tutti per pagare meno&#8221;. <br \/>Infine, la questione della difficolt\u00e0 di reperire forza lavoro e il rinnovo dei contratti. &#8220;Sicuramente l&#8217;eliminazione del Reddito di cittadinanza ha diminuito la difficolt\u00e0 nel trovare il personale. Io non credo che i giovani non abbiano voglia di lavorare, ma credo che il Covid abbia abituato troppi giovani allo smart working. Per ovviare questa problematica a luglio abbiamo rinnovato il contratto nazionale del turismo per il settore alberghiero, proprio per dare pi\u00f9 soldi ai nostri dipendenti. Per cercare di diminuire le difficolt\u00e0 nel recepire il personale. Questo rinnovo \u00e8 stato uno sforzo per le imprese, ma \u00e8 stato molto apprezzato dai nostri lavoratori. Ritengo che, per quanto riguarda la parte variabile dello stipendio vada fatta una forte azione da parte del governo per detassare queste cifre&#8221;, conclude.<div id=\"div-gpt-ad-Messinaoggi.it-DSK-300x250-corpoart\" style=\"text-align:center;margin:0 auto;\"><\/div><\/p>\n<p>&#8211; foto Italpress &#8211;<br \/>(ITALPRESS).<\/div>\n<div id=\"videoincontent\" style=\"clear:both\";><\/div>","protected":false},"excerpt":{"rendered":"<p>ROMA (ITALPRESS) &#8211; &#8220;Il Cin, il Codice identificativo nazionale, \u00e8 un primo passo per sconfiggere il tema dell&#8217;abusivismo. Diciamo per\u00f2 che \u00e8 un primo passo timido, perch\u00e8 altri Paesi hanno utilizzato la clava per risolvere questo problema, dando potere ai sindaci di contingentare nel proprio Comune le licenze per gli affitti brevi. Noi ci auguriamo [&hellip;]<\/p>\n","protected":false},"author":18,"featured_media":209953,"comment_status":"closed","ping_status":"closed","sticky":false,"template":"","format":"standard","meta":{"ub_ctt_via":"","_mi_skip_tracking":false},"categories":[446],"tags":[783],"featured_image_src":"https:\/\/www.messinaoggi.it\/website\/wp-content\/uploads\/2024\/09\/20240906_0127.jpg","author_info":{"display_name":"Admin","author_link":"https:\/\/www.messinaoggi.it\/website\/author\/admin\/"},"digistream_id":0,"digistream":false,"_links":{"self":[{"href":"https:\/\/www.messinaoggi.it\/website\/wp-json\/wp\/v2\/posts\/209951"}],"collection":[{"href":"https:\/\/www.messinaoggi.it\/website\/wp-json\/wp\/v2\/posts"}],"about":[{"href":"https:\/\/www.messinaoggi.it\/website\/wp-json\/wp\/v2\/types\/post"}],"author":[{"embeddable":true,"href":"https:\/\/www.messinaoggi.it\/website\/wp-json\/wp\/v2\/users\/18"}],"replies":[{"embeddable":true,"href":"https:\/\/www.messinaoggi.it\/website\/wp-json\/wp\/v2\/comments?post=209951"}],"version-history":[{"count":0,"href":"https:\/\/www.messinaoggi.it\/website\/wp-json\/wp\/v2\/posts\/209951\/revisions"}],"wp:featuredmedia":[{"embeddable":true,"href":"https:\/\/www.messinaoggi.it\/website\/wp-json\/wp\/v2\/media\/209953"}],"wp:attachment":[{"href":"https:\/\/www.messinaoggi.it\/website\/wp-json\/wp\/v2\/media?parent=209951"}],"wp:term":[{"taxonomy":"category","embeddable":true,"href":"https:\/\/www.messinaoggi.it\/website\/wp-json\/wp\/v2\/categories?post=209951"},{"taxonomy":"post_tag","embeddable":true,"href":"https:\/\/www.messinaoggi.it\/website\/wp-json\/wp\/v2\/tags?post=209951"}],"curies":[{"name":"wp","href":"https:\/\/api.w.org\/{rel}","templated":true}]}}