{"id":209922,"date":"2024-09-05T23:05:31","date_gmt":"2024-09-05T21:05:31","guid":{"rendered":"https:\/\/www.messinaoggi.it\/website\/2024\/09\/05\/fontana-non-possiamo-rassegnarci-a-guerre-unire-forze-per-la-pace\/"},"modified":"2024-09-05T23:05:31","modified_gmt":"2024-09-05T21:05:31","slug":"fontana-non-possiamo-rassegnarci-a-guerre-unire-forze-per-la-pace","status":"publish","type":"post","link":"https:\/\/www.messinaoggi.it\/website\/2024\/09\/05\/fontana-non-possiamo-rassegnarci-a-guerre-unire-forze-per-la-pace\/","title":{"rendered":"Fontana \u201cNon possiamo rassegnarci a guerre, unire forze per la pace\u201d"},"content":{"rendered":"<div>ROMA (ITALPRESS) &#8211; &#8220;Non possiamo rassegnarci a vivere in un mondo in cui guerre, conflitti e diseguaglianze ledono la dignit\u00e0 della persona umana e l&#8217;identit\u00e0 dei popoli: unire le forze per conseguire la pace e il rispetto reciproco \u00e8 un obiettivo fondamentale&#8221;. Cos\u00ec il presidente della Camera, Lorenzo Fontana, nel corso della cerimonia inaugurale del G7 Parlamenti. &#8220;Il G7 non si \u00e8 mai concepito come un circolo ristretto, ma come un catalizzatore a livello globale delle risorse politiche ed economiche per accrescere il livello di sicurezza e di benessere in tutto il mondo, anche in virt\u00f9 della sinergia strettissima instaurata con l&#8217;Unione europea. Il versante parlamentare del G7 pu\u00f2 senz&#8217;altro contribuire a sottolineare questa attitudine e a renderne maggiormente consapevoli gli interlocutori politici degli altri Paesi&#8221;, aggiunge.<div id=\"div-gpt-ad-Messinaoggi.it-DSK-300x250-corpoart\" style=\"text-align:center;margin:0 auto;\"><\/div><\/p>\n<p> &#8211; Foto Agenzia Fotogramma &#8211;<div id=\"videoincontent\" style=\"clear:both\";><\/div><\/p>\n<p>(ITALPRESS).<\/p><\/div>\n","protected":false},"excerpt":{"rendered":"<p>ROMA (ITALPRESS) &#8211; &#8220;Non possiamo rassegnarci a vivere in un mondo in cui guerre, conflitti e diseguaglianze ledono la dignit\u00e0 della persona umana e l&#8217;identit\u00e0 dei popoli: unire le forze per conseguire la pace e il rispetto reciproco \u00e8 un obiettivo fondamentale&#8221;. Cos\u00ec il presidente della Camera, Lorenzo Fontana, nel corso della cerimonia inaugurale del [&hellip;]<\/p>\n","protected":false},"author":18,"featured_media":209923,"comment_status":"closed","ping_status":"closed","sticky":false,"template":"","format":"standard","meta":{"ub_ctt_via":"","_mi_skip_tracking":false},"categories":[446],"tags":[783],"featured_image_src":"https:\/\/www.messinaoggi.it\/website\/wp-content\/uploads\/2024\/09\/20240905_2096.jpg","author_info":{"display_name":"Admin","author_link":"https:\/\/www.messinaoggi.it\/website\/author\/admin\/"},"digistream_id":0,"digistream":false,"_links":{"self":[{"href":"https:\/\/www.messinaoggi.it\/website\/wp-json\/wp\/v2\/posts\/209922"}],"collection":[{"href":"https:\/\/www.messinaoggi.it\/website\/wp-json\/wp\/v2\/posts"}],"about":[{"href":"https:\/\/www.messinaoggi.it\/website\/wp-json\/wp\/v2\/types\/post"}],"author":[{"embeddable":true,"href":"https:\/\/www.messinaoggi.it\/website\/wp-json\/wp\/v2\/users\/18"}],"replies":[{"embeddable":true,"href":"https:\/\/www.messinaoggi.it\/website\/wp-json\/wp\/v2\/comments?post=209922"}],"version-history":[{"count":0,"href":"https:\/\/www.messinaoggi.it\/website\/wp-json\/wp\/v2\/posts\/209922\/revisions"}],"wp:featuredmedia":[{"embeddable":true,"href":"https:\/\/www.messinaoggi.it\/website\/wp-json\/wp\/v2\/media\/209923"}],"wp:attachment":[{"href":"https:\/\/www.messinaoggi.it\/website\/wp-json\/wp\/v2\/media?parent=209922"}],"wp:term":[{"taxonomy":"category","embeddable":true,"href":"https:\/\/www.messinaoggi.it\/website\/wp-json\/wp\/v2\/categories?post=209922"},{"taxonomy":"post_tag","embeddable":true,"href":"https:\/\/www.messinaoggi.it\/website\/wp-json\/wp\/v2\/tags?post=209922"}],"curies":[{"name":"wp","href":"https:\/\/api.w.org\/{rel}","templated":true}]}}